{"id":48754,"date":"2023-05-01T11:17:02","date_gmt":"2023-05-01T14:17:02","guid":{"rendered":"https:\/\/www.portalalerta.com.br\/?p=48754"},"modified":"2023-05-01T11:17:03","modified_gmt":"2023-05-01T14:17:03","slug":"thiago-brennand-esta-em-cela-individual-onde-pode-ficar-de-10-a-30-dias-isolado-dos-outros-presos","status":"publish","type":"post","link":"https:\/\/www.portalalerta.com.br\/index.php\/2023\/05\/01\/thiago-brennand-esta-em-cela-individual-onde-pode-ficar-de-10-a-30-dias-isolado-dos-outros-presos\/","title":{"rendered":"Thiago Brennand est\u00e1 em cela individual, onde pode ficar de 10 a 30 dias isolado dos outros presos"},"content":{"rendered":"\n<p><strong>Ao todo, s\u00e3o 709 detentos no CDP de Pinheiros. O empres\u00e1rio vai ficar preso provisoriamente at\u00e9 ser julgado.<\/strong><\/p>\n\n\n\n<!--more-->\n\n\n\n<p>\u00a0Thiago Brennand foi transferido neste domingo (30) para uma cadeia em S\u00e3o Paulo.\u00a0Ele chegou ao Brasil na noite deste s\u00e1bado (29), quase oito meses depois de ter fugido para os Emirados \u00c1rabes.<\/p>\n\n\n<div class=\"wp-block-image\">\n<figure class=\"alignleft size-large is-resized\"><img fetchpriority=\"high\" decoding=\"async\" src=\"https:\/\/www.portalalerta.com.br\/wp-content\/uploads\/2023\/05\/Real-Dia-das-maes-2023-819x1024.jpg\" alt=\"\" class=\"wp-image-48755\" width=\"399\" height=\"499\"\/><\/figure><\/div>\n\n\n<p>O empres\u00e1rio est\u00e1 em uma cela individual, onde pode ficar de 10 a 30 dias isolado dos outros presos. \u00c9 um procedimento padr\u00e3o para quem chega na cadeia. Ao todo, s\u00e3o 709 detentos no CDP de Pinheiros.&nbsp;<strong>Ele vai ficar preso provisoriamente at\u00e9 ser julgado.<\/strong><\/p>\n\n\n\n<p>Thiago Brennand \u00e9 r\u00e9u em oito processos por estupro, sequestro e c\u00e1rcere privado, les\u00e3o corporal, corrup\u00e7\u00e3o de menores, amea\u00e7a, cal\u00fania, inj\u00faria e difama\u00e7\u00e3o.\u00a0Todas as den\u00fancias surgiram depois de o Fant\u00e1stico mostrar, com exclusividade, em agosto do ano passado, imagens dele agredindo a atriz e empres\u00e1ria Helena Gomes em uma academia em S\u00e3o Paulo.<\/p>\n\n\n\n<p>A Reportagem tentou contato com a defesa do empres\u00e1rio, mas n\u00e3o tivemos retorno.<\/p>\n\n\n\n<p><em>Fonte: G1<\/em><\/p>\n","protected":false},"excerpt":{"rendered":"<p>Ao todo, s\u00e3o 709 detentos no CDP de Pinheiros. O empres\u00e1rio vai ficar preso provisoriamente at\u00e9 ser julgado.<\/p>\n","protected":false},"author":2,"featured_media":48756,"comment_status":"open","ping_status":"open","sticky":false,"template":"","format":"standard","meta":{"om_disable_all_campaigns":false,"_monsterinsights_skip_tracking":false,"_monsterinsights_sitenote_active":false,"_monsterinsights_sitenote_note":"","_monsterinsights_sitenote_category":0,"footnotes":""},"categories":[34,70,69,22],"tags":[100,71,48,93,75,4178,4180,129,107,4181,132,230,106,203,120,51,77,109,88,47,404,111,5658,190],"class_list":["post-48754","post","type-post","status-publish","format-standard","has-post-thumbnail","hentry","category-brasil","category-destaques","category-noticias2","category-seguranca","tag-adustina","tag-antas","tag-araci","tag-brasil","tag-cicero-dantas","tag-cipo-2","tag-crisopolis-2","tag-euclides-da-cunha","tag-fatima","tag-heliopolis-2","tag-itapicuru","tag-jeremoabo","tag-nova-soure","tag-novo-triunfo","tag-olindina","tag-paripiranga","tag-preso","tag-quijingue","tag-ribeira-do-amparo","tag-ribeira-do-pombal","tag-sao-paulo","tag-sitio-do-quinto","tag-thiago-brennand","tag-tucano"],"aioseo_notices":[],"_links":{"self":[{"href":"https:\/\/www.portalalerta.com.br\/index.php\/wp-json\/wp\/v2\/posts\/48754","targetHints":{"allow":["GET"]}}],"collection":[{"href":"https:\/\/www.portalalerta.com.br\/index.php\/wp-json\/wp\/v2\/posts"}],"about":[{"href":"https:\/\/www.portalalerta.com.br\/index.php\/wp-json\/wp\/v2\/types\/post"}],"author":[{"embeddable":true,"href":"https:\/\/www.portalalerta.com.br\/index.php\/wp-json\/wp\/v2\/users\/2"}],"replies":[{"embeddable":true,"href":"https:\/\/www.portalalerta.com.br\/index.php\/wp-json\/wp\/v2\/comments?post=48754"}],"version-history":[{"count":1,"href":"https:\/\/www.portalalerta.com.br\/index.php\/wp-json\/wp\/v2\/posts\/48754\/revisions"}],"predecessor-version":[{"id":48757,"href":"https:\/\/www.portalalerta.com.br\/index.php\/wp-json\/wp\/v2\/posts\/48754\/revisions\/48757"}],"wp:featuredmedia":[{"embeddable":true,"href":"https:\/\/www.portalalerta.com.br\/index.php\/wp-json\/wp\/v2\/media\/48756"}],"wp:attachment":[{"href":"https:\/\/www.portalalerta.com.br\/index.php\/wp-json\/wp\/v2\/media?parent=48754"}],"wp:term":[{"taxonomy":"category","embeddable":true,"href":"https:\/\/www.portalalerta.com.br\/index.php\/wp-json\/wp\/v2\/categories?post=48754"},{"taxonomy":"post_tag","embeddable":true,"href":"https:\/\/www.portalalerta.com.br\/index.php\/wp-json\/wp\/v2\/tags?post=48754"}],"curies":[{"name":"wp","href":"https:\/\/api.w.org\/{rel}","templated":true}]}}