{"id":4876,"date":"2018-02-21T13:17:50","date_gmt":"2018-02-21T16:17:50","guid":{"rendered":"http:\/\/www.portalalerta.com.br\/?p=4876"},"modified":"2018-02-21T13:17:50","modified_gmt":"2018-02-21T16:17:50","slug":"meteoro-pode-ter-provocado-clarao-em-salvador-diz-professor-da-ufba","status":"publish","type":"post","link":"https:\/\/www.portalalerta.com.br\/index.php\/2018\/02\/21\/meteoro-pode-ter-provocado-clarao-em-salvador-diz-professor-da-ufba\/","title":{"rendered":"Meteoro pode ter provocado clar\u00e3o em Salvador, diz professor da Ufba"},"content":{"rendered":"<p style=\"text-align: justify;\">O corpo celeste foi, possivelmente, do tamanho de um mouse de computador, diz<!--more--><\/p>\n<p style=\"text-align: justify;\">O\u00a0clar\u00e3o visto por moradores de Salvador, na noite desta ter\u00e7a-feira, 20, em Salvador, pode ter sido\u00a0causado por um meteoro. A afirma\u00e7\u00e3o \u00e9 do professor de f\u00edsica da\u00a0Universidade Federal da Bahia (Ufba),\u00a0Alberto Brum Novaes.<\/p>\n<p style=\"text-align: justify;\">&gt;&gt;\u00a0Clar\u00e3o no c\u00e9u de Salvador vira meme nas redes sociais;<\/p>\n<p style=\"text-align: justify;\">Ele explica, que apesar de surpreender as pessoas, o fen\u00f4meno \u00e9 comum.\u00a0 &#8220;Normalmente, o que vimos ontem (ter\u00e7a) se chama de &#8216;estrela cadente&#8217;. A diferen\u00e7a \u00e9 que foi um pouquinho maior que o comum. Diariamente, mais de 100 mil meteoros entram na atmosfera, mas\u00a0um com tamanho maior causa um espet\u00e1culo daquele&#8221;, explica Brum. Pela intensidade da luz, o especialista acredita que o meteoro tinha o tamanho de um mouse de computador.<\/p>\n<p><iframe title=\"Clar\u00e3o em Salvador em cidades da Bahia assusta moradores\" width=\"500\" height=\"281\" src=\"https:\/\/www.youtube.com\/embed\/L85uLdAfyZc?feature=oembed\" frameborder=\"0\" allow=\"accelerometer; autoplay; clipboard-write; encrypted-media; gyroscope; picture-in-picture; web-share\" referrerpolicy=\"strict-origin-when-cross-origin\" allowfullscreen><\/iframe><\/p>\n<p style=\"text-align: justify;\">Apesar do susto, o\u00a0professor de f\u00edsica\u00a0tranquiliza a popula\u00e7\u00e3o e esclarece que a entrada de meteoros na atmosfera n\u00e3o \u00e9 perigosa. De acordo com ele,\u00a0a probabilidade de um meteoro causar estragos ao cair na Terra s\u00e3o min\u00edmas.<\/p>\n<p style=\"text-align: justify;\"><img decoding=\"async\" class=\"size-full wp-image-2814 alignleft\" src=\"http:\/\/www.portalalerta.com.br\/wp-content\/uploads\/2017\/11\/banner9.png\" alt=\"\" width=\"270\" height=\"174\" srcset=\"https:\/\/www.portalalerta.com.br\/wp-content\/uploads\/2017\/11\/banner9.png 270w, https:\/\/www.portalalerta.com.br\/wp-content\/uploads\/2017\/11\/banner9-227x146.png 227w, https:\/\/www.portalalerta.com.br\/wp-content\/uploads\/2017\/11\/banner9-50x32.png 50w, https:\/\/www.portalalerta.com.br\/wp-content\/uploads\/2017\/11\/banner9-116x75.png 116w\" sizes=\"(max-width: 270px) 100vw, 270px\" \/>&#8220;\u00c9 rariss\u00edmo disso acontecer. Para causar danos, ele tem que ser grande. Normalmente, assim que entra na Terra, por conta da enorme press\u00e3o da atmosfera, ele j\u00e1 come\u00e7a a se deteriorar. Ent\u00e3o,\u00a0o que chega na Terra \u00e9 pequeno&#8221;, explica.<\/p>\n<p style=\"text-align: justify;\">O fen\u00f4meno n\u00e3o foi registrado pelo\u00a0Observat\u00f3rio Antares, em Feira de Santana (a 109 quil\u00f4metros de Salvador), de acordo com o\u00a0diretor da unidade, Paulo Cesar da Rocha Poppe.<\/p>\n<p style=\"text-align: justify;\"><strong>Mar<\/strong><\/p>\n<p style=\"text-align: justify;\">H\u00e1 suspeita\u00a0de que o corpo celeste\u00a0tenha ca\u00eddo no mar, mas a assessoria de comunica\u00e7\u00e3o do 2\u00ba Distrito Naval da Marinha do Brasil informou que autarquia n\u00e3o registrou nenhuma anormalidade no mar.<\/p>\n<p style=\"text-align: justify;\"><em>*Sob supervis\u00e3o da editora Paula Pitta.<\/em><\/p>\n<p style=\"text-align: justify;\"><em>Fonte: A tarde<\/em><\/p>\n","protected":false},"excerpt":{"rendered":"<p>O corpo celeste foi, possivelmente, do tamanho de um mouse de computador, diz<\/p>\n","protected":false},"author":2,"featured_media":4877,"comment_status":"closed","ping_status":"open","sticky":false,"template":"","format":"standard","meta":{"om_disable_all_campaigns":false,"_monsterinsights_skip_tracking":false,"_monsterinsights_sitenote_active":false,"_monsterinsights_sitenote_note":"","_monsterinsights_sitenote_category":0,"footnotes":""},"categories":[33,70,69],"tags":[54,624,330],"class_list":["post-4876","post","type-post","status-publish","format-standard","has-post-thumbnail","hentry","category-bahia","category-destaques","category-noticias2","tag-bahia","tag-ceu","tag-salvador"],"aioseo_notices":[],"_links":{"self":[{"href":"https:\/\/www.portalalerta.com.br\/index.php\/wp-json\/wp\/v2\/posts\/4876","targetHints":{"allow":["GET"]}}],"collection":[{"href":"https:\/\/www.portalalerta.com.br\/index.php\/wp-json\/wp\/v2\/posts"}],"about":[{"href":"https:\/\/www.portalalerta.com.br\/index.php\/wp-json\/wp\/v2\/types\/post"}],"author":[{"embeddable":true,"href":"https:\/\/www.portalalerta.com.br\/index.php\/wp-json\/wp\/v2\/users\/2"}],"replies":[{"embeddable":true,"href":"https:\/\/www.portalalerta.com.br\/index.php\/wp-json\/wp\/v2\/comments?post=4876"}],"version-history":[{"count":0,"href":"https:\/\/www.portalalerta.com.br\/index.php\/wp-json\/wp\/v2\/posts\/4876\/revisions"}],"wp:featuredmedia":[{"embeddable":true,"href":"https:\/\/www.portalalerta.com.br\/index.php\/wp-json\/wp\/v2\/media\/4877"}],"wp:attachment":[{"href":"https:\/\/www.portalalerta.com.br\/index.php\/wp-json\/wp\/v2\/media?parent=4876"}],"wp:term":[{"taxonomy":"category","embeddable":true,"href":"https:\/\/www.portalalerta.com.br\/index.php\/wp-json\/wp\/v2\/categories?post=4876"},{"taxonomy":"post_tag","embeddable":true,"href":"https:\/\/www.portalalerta.com.br\/index.php\/wp-json\/wp\/v2\/tags?post=4876"}],"curies":[{"name":"wp","href":"https:\/\/api.w.org\/{rel}","templated":true}]}}