{"id":48761,"date":"2023-05-01T19:53:52","date_gmt":"2023-05-01T22:53:52","guid":{"rendered":"https:\/\/www.portalalerta.com.br\/?p=48761"},"modified":"2023-05-01T19:53:53","modified_gmt":"2023-05-01T22:53:53","slug":"sobrinho-do-deputado-ricardo-maia-se-lanca-como-pre-candidato-a-vereador-de-ribeira-do-pombal-ba","status":"publish","type":"post","link":"https:\/\/www.portalalerta.com.br\/index.php\/2023\/05\/01\/sobrinho-do-deputado-ricardo-maia-se-lanca-como-pre-candidato-a-vereador-de-ribeira-do-pombal-ba\/","title":{"rendered":"Sobrinho do Deputado Ricardo Maia se lan\u00e7a como pr\u00e9-candidato a vereador de Ribeira do Pombal-BA"},"content":{"rendered":"\n<p>A pouco mais de um ano para as elei\u00e7\u00f5es, a pol\u00edtica em Ribeira do Pombal-BA continua movimentada e dando o que falar. Uma das pautas \u00e9 a disputa para uma Vaga na C\u00e2mara de Vereadores, que contar\u00e1 com caras novas, ao mesmo tempo em que chegam com for\u00e7a pol\u00edtica, tendo em vista a influ\u00eancia de seus familiares.<\/p>\n\n\n\n<!--more-->\n\n\n<div class=\"wp-block-image\">\n<figure class=\"alignleft size-full is-resized\"><img fetchpriority=\"high\" decoding=\"async\" src=\"https:\/\/www.portalalerta.com.br\/wp-content\/uploads\/2021\/04\/ELAB.jpg\" alt=\"\" class=\"wp-image-34795\" width=\"432\" height=\"345\" srcset=\"https:\/\/www.portalalerta.com.br\/wp-content\/uploads\/2021\/04\/ELAB.jpg 1000w, https:\/\/www.portalalerta.com.br\/wp-content\/uploads\/2021\/04\/ELAB-300x240.jpg 300w, https:\/\/www.portalalerta.com.br\/wp-content\/uploads\/2021\/04\/ELAB-768x614.jpg 768w, https:\/\/www.portalalerta.com.br\/wp-content\/uploads\/2021\/04\/ELAB-183x146.jpg 183w, https:\/\/www.portalalerta.com.br\/wp-content\/uploads\/2021\/04\/ELAB-50x40.jpg 50w, https:\/\/www.portalalerta.com.br\/wp-content\/uploads\/2021\/04\/ELAB-94x75.jpg 94w\" sizes=\"(max-width: 432px) 100vw, 432px\" \/><\/figure><\/div>\n\n\n<p>O mais recente, \u00e9 o jovem empres\u00e1rio Jo\u00e3o Vitor Maia, de apenas 19 anos. Jo\u00e3o Vitor \u00e9 filho do Policial Rodovi\u00e1rio Federal Wendel com Vanessa Maia, irm\u00e3 do Deputado Federal Ricardo Maia. No \u00faltimo final de semana, Jo\u00e3o Vitor teve agenda no povoado Nova Esperan\u00e7a, onde fez declara\u00e7\u00f5es que confirmam o que at\u00e9 ent\u00e3o era especula\u00e7\u00e3o: Jo\u00e3o Vitor \u00e9 pr\u00e9-candidato a vereador! <strong><em>\u201cVisitei amigos no povoado Nova Esperan\u00e7a, onde inicio minha caminhada na busca de novas conquistas, viabilizar mais sa\u00fade, educa\u00e7\u00e3o e bem estar social. Vamos cuidar de gente, trabalhar muito, honestidade e realiza\u00e7\u00f5es est\u00e1 no sangue. E \u00e9 com esse aprendizado e do apoio dos amigos que estando pavimento o caminho para cuidar da nossa gente\u201d<\/em><\/strong>, afirmou o jovem que tamb\u00e9m \u00e9 estudante de direito.<\/p>\n\n\n\n<p>Antes de Jo\u00e3o Vitor, Maria Helena Brito, atual Secret\u00e1ria de Assist\u00eancia Social, e Samuel, tamb\u00e9m tiveram os nomes lan\u00e7ados para a disputa. Maria Helena \u00e9 herdeira da fam\u00edlia Brito, tradicional na pol\u00edtica pombalense, tendo como principal nome seu pai, o ex-prefeito Nilson Brito, enquanto Samuel \u00e9 filho do vereador Ata\u00edde Cigano, campe\u00e3o de votos no \u00faltimo pleito.<\/p>\n\n\n\n<p><em>Reda\u00e7\u00e3o: Portal Alerta<\/em><\/p>\n","protected":false},"excerpt":{"rendered":"<p>A pouco mais de um ano para as elei\u00e7\u00f5es, a pol\u00edtica em Ribeira do Pombal-BA continua movimentada e dando o que falar. Uma das pautas \u00e9 a disputa para uma Vaga na C\u00e2mara de Vereadores, que contar\u00e1 com caras novas, ao mesmo tempo em que chegam com for\u00e7a pol\u00edtica, tendo em vista a influ\u00eancia de &hellip;<\/p>\n","protected":false},"author":2,"featured_media":48762,"comment_status":"open","ping_status":"open","sticky":false,"template":"","format":"standard","meta":{"om_disable_all_campaigns":false,"_monsterinsights_skip_tracking":false,"_monsterinsights_sitenote_active":false,"_monsterinsights_sitenote_note":"","_monsterinsights_sitenote_category":0,"footnotes":""},"categories":[70,69,21,32,3],"tags":[100,71,48,75,4178,4180,6058,129,107,4181,132,230,6060,106,203,120,51,199,109,88,47,111,190],"class_list":["post-48761","post","type-post","status-publish","format-standard","has-post-thumbnail","hentry","category-destaques","category-noticias2","category-politica","category-regiao","category-ribeira-do-pombal","tag-adustina","tag-antas","tag-araci","tag-cicero-dantas","tag-cipo-2","tag-crisopolis-2","tag-eleicoes-2023","tag-euclides-da-cunha","tag-fatima","tag-heliopolis-2","tag-itapicuru","tag-jeremoabo","tag-joao-vitor-maia","tag-nova-soure","tag-novo-triunfo","tag-olindina","tag-paripiranga","tag-politica","tag-quijingue","tag-ribeira-do-amparo","tag-ribeira-do-pombal","tag-sitio-do-quinto","tag-tucano"],"aioseo_notices":[],"_links":{"self":[{"href":"https:\/\/www.portalalerta.com.br\/index.php\/wp-json\/wp\/v2\/posts\/48761","targetHints":{"allow":["GET"]}}],"collection":[{"href":"https:\/\/www.portalalerta.com.br\/index.php\/wp-json\/wp\/v2\/posts"}],"about":[{"href":"https:\/\/www.portalalerta.com.br\/index.php\/wp-json\/wp\/v2\/types\/post"}],"author":[{"embeddable":true,"href":"https:\/\/www.portalalerta.com.br\/index.php\/wp-json\/wp\/v2\/users\/2"}],"replies":[{"embeddable":true,"href":"https:\/\/www.portalalerta.com.br\/index.php\/wp-json\/wp\/v2\/comments?post=48761"}],"version-history":[{"count":1,"href":"https:\/\/www.portalalerta.com.br\/index.php\/wp-json\/wp\/v2\/posts\/48761\/revisions"}],"predecessor-version":[{"id":48763,"href":"https:\/\/www.portalalerta.com.br\/index.php\/wp-json\/wp\/v2\/posts\/48761\/revisions\/48763"}],"wp:featuredmedia":[{"embeddable":true,"href":"https:\/\/www.portalalerta.com.br\/index.php\/wp-json\/wp\/v2\/media\/48762"}],"wp:attachment":[{"href":"https:\/\/www.portalalerta.com.br\/index.php\/wp-json\/wp\/v2\/media?parent=48761"}],"wp:term":[{"taxonomy":"category","embeddable":true,"href":"https:\/\/www.portalalerta.com.br\/index.php\/wp-json\/wp\/v2\/categories?post=48761"},{"taxonomy":"post_tag","embeddable":true,"href":"https:\/\/www.portalalerta.com.br\/index.php\/wp-json\/wp\/v2\/tags?post=48761"}],"curies":[{"name":"wp","href":"https:\/\/api.w.org\/{rel}","templated":true}]}}