{"id":48768,"date":"2023-05-01T20:21:14","date_gmt":"2023-05-01T23:21:14","guid":{"rendered":"https:\/\/www.portalalerta.com.br\/?p=48768"},"modified":"2023-05-01T20:21:15","modified_gmt":"2023-05-01T23:21:15","slug":"garimpeiros-reagem-a-acao-da-prf-e-morrem-na-terra-indigena-yanomami","status":"publish","type":"post","link":"https:\/\/www.portalalerta.com.br\/index.php\/2023\/05\/01\/garimpeiros-reagem-a-acao-da-prf-e-morrem-na-terra-indigena-yanomami\/","title":{"rendered":"Garimpeiros reagem \u00e0 a\u00e7\u00e3o da PRF e morrem na Terra Ind\u00edgena Yanomami"},"content":{"rendered":"\n<p><em>Informa\u00e7\u00e3o \u00e9 do Minist\u00e9rio do Meio Ambiente<\/em><\/p>\n\n\n\n<!--more-->\n\n\n\n<p>O Minist\u00e9rio do Meio Ambiente e Mudan\u00e7a do Clima confirmou a morte de quatro garimpeiros dentro da Terra Ind\u00edgena Yanomami, na noite desse domingo (30). Eles teriam reagido a uma incurs\u00e3o de agentes da Pol\u00edcia Rodovi\u00e1ria Federal (PRF) e do Instituto Brasileiro do Meio Ambiente e dos Recursos Naturais Renov\u00e1veis (Ibama). De acordo com o minist\u00e9rio, na a\u00e7\u00e3o, foi apreendido armamento de grosso calibre.<\/p>\n\n\n<div class=\"wp-block-image\">\n<figure class=\"alignleft size-large is-resized\"><img fetchpriority=\"high\" decoding=\"async\" src=\"https:\/\/www.portalalerta.com.br\/wp-content\/uploads\/2023\/05\/Real-Dia-das-maes-2023-819x1024.jpg\" alt=\"\" class=\"wp-image-48755\" width=\"403\" height=\"504\"\/><\/figure><\/div>\n\n\n<p><strong><em>&#8220;Houve confronto na a\u00e7\u00e3o de domingo e quatro garimpeiros morreram, entre eles um foragido da Justi\u00e7a no Estado do Amap\u00e1. Agentes federais apreenderam 11 armas com criminosos: espingardas calibre 12mm, um fuzil e pistolas calibre 45, de uso restrito. Os corpos chegaram a Boa Vista na noite de domingo&#8221;<\/em><\/strong>, informou, em nota, o minist\u00e9rio.<\/p>\n\n\n\n<p>A a\u00e7\u00e3o da pol\u00edcia ocorreu ap\u00f3s ataques registrados na Terra Ind\u00edgena Yanomami. Segundo lideran\u00e7as ind\u00edgenas, tr\u00eas yanomami foram baleados na tarde do \u00faltimo s\u00e1bado (29) \u2013 uma das v\u00edtimas, um agente de sa\u00fade que atuava na comunidade, morreu no local. As outras duas v\u00edtimas foram socorridas no posto de sa\u00fade que funciona na pr\u00f3pria reserva e, posteriormente, transferidas para o Hospital Geral de Roraima, onde est\u00e3o internadas.<\/p>\n\n\n\n<p>Ontem agentes da Pol\u00edcia Federal (PF) estiveram na comunidade Uxi\u00fa da Terra Ind\u00edgena Yanomami para periciar o local e ouvir o depoimento preliminar de testemunhas.<\/p>\n\n\n\n<p>De acordo com o minist\u00e9rio, h\u00e1 ind\u00edcios de que uma fac\u00e7\u00e3o criminosa controla o garimpo em que houve o confronto. O ataque desse domingo \u00e9 o quarto contra esquipes do Ibama desde o in\u00edcio da retomada do territ\u00f3rio Yanomami, em 6 de fevereiro.<\/p>\n\n\n\n<p><strong>Balan\u00e7o<\/strong><\/p>\n\n\n\n<p>Segundo levantamento do Minist\u00e9rio do Meio Ambiente, ap\u00f3s tr\u00eas meses de trabalho, foram destru\u00eddos 327 acampamentos de garimpeiros, 18 avi\u00f5es, dois helic\u00f3pteros, centenas de motores e dezenas de balsas, barcos e tratores. Tamb\u00e9m foram apreendidas 36 toneladas de cassiterita, 26 mil litros de combust\u00edvel, al\u00e9m de equipamentos usados por criminosos.<\/p>\n\n\n\n<p>Imagens de sat\u00e9lite apontam uma redu\u00e7\u00e3o de cerca de 80% de \u00e1reas desmatadas para minera\u00e7\u00e3o de fevereiro a abril em rela\u00e7\u00e3o ao mesmo per\u00edodo do ano passado.<\/p>\n\n\n\n<p><em>Fonte: Ag\u00eancia Brasil<\/em><\/p>\n","protected":false},"excerpt":{"rendered":"<p>Informa\u00e7\u00e3o \u00e9 do Minist\u00e9rio do Meio Ambiente<\/p>\n","protected":false},"author":2,"featured_media":48769,"comment_status":"open","ping_status":"open","sticky":false,"template":"","format":"standard","meta":{"om_disable_all_campaigns":false,"_monsterinsights_skip_tracking":false,"_monsterinsights_sitenote_active":false,"_monsterinsights_sitenote_note":"","_monsterinsights_sitenote_category":0,"footnotes":""},"categories":[34,70,69,22],"tags":[100,71,48,93,75,4178,4180,129,107,4181,132,230,106,203,120,51,149,109,88,47,1171,111,190,5863],"class_list":["post-48768","post","type-post","status-publish","format-standard","has-post-thumbnail","hentry","category-brasil","category-destaques","category-noticias2","category-seguranca","tag-adustina","tag-antas","tag-araci","tag-brasil","tag-cicero-dantas","tag-cipo-2","tag-crisopolis-2","tag-euclides-da-cunha","tag-fatima","tag-heliopolis-2","tag-itapicuru","tag-jeremoabo","tag-nova-soure","tag-novo-triunfo","tag-olindina","tag-paripiranga","tag-prf","tag-quijingue","tag-ribeira-do-amparo","tag-ribeira-do-pombal","tag-roraima","tag-sitio-do-quinto","tag-tucano","tag-yanomami"],"aioseo_notices":[],"_links":{"self":[{"href":"https:\/\/www.portalalerta.com.br\/index.php\/wp-json\/wp\/v2\/posts\/48768","targetHints":{"allow":["GET"]}}],"collection":[{"href":"https:\/\/www.portalalerta.com.br\/index.php\/wp-json\/wp\/v2\/posts"}],"about":[{"href":"https:\/\/www.portalalerta.com.br\/index.php\/wp-json\/wp\/v2\/types\/post"}],"author":[{"embeddable":true,"href":"https:\/\/www.portalalerta.com.br\/index.php\/wp-json\/wp\/v2\/users\/2"}],"replies":[{"embeddable":true,"href":"https:\/\/www.portalalerta.com.br\/index.php\/wp-json\/wp\/v2\/comments?post=48768"}],"version-history":[{"count":1,"href":"https:\/\/www.portalalerta.com.br\/index.php\/wp-json\/wp\/v2\/posts\/48768\/revisions"}],"predecessor-version":[{"id":48770,"href":"https:\/\/www.portalalerta.com.br\/index.php\/wp-json\/wp\/v2\/posts\/48768\/revisions\/48770"}],"wp:featuredmedia":[{"embeddable":true,"href":"https:\/\/www.portalalerta.com.br\/index.php\/wp-json\/wp\/v2\/media\/48769"}],"wp:attachment":[{"href":"https:\/\/www.portalalerta.com.br\/index.php\/wp-json\/wp\/v2\/media?parent=48768"}],"wp:term":[{"taxonomy":"category","embeddable":true,"href":"https:\/\/www.portalalerta.com.br\/index.php\/wp-json\/wp\/v2\/categories?post=48768"},{"taxonomy":"post_tag","embeddable":true,"href":"https:\/\/www.portalalerta.com.br\/index.php\/wp-json\/wp\/v2\/tags?post=48768"}],"curies":[{"name":"wp","href":"https:\/\/api.w.org\/{rel}","templated":true}]}}