{"id":48771,"date":"2023-05-02T07:00:00","date_gmt":"2023-05-02T10:00:00","guid":{"rendered":"https:\/\/www.portalalerta.com.br\/?p=48771"},"modified":"2023-05-01T23:09:48","modified_gmt":"2023-05-02T02:09:48","slug":"todas-as-pessoas-que-tentaram-dar-um-golpe-serao-presas-diz-lula-sobre-atos-do-8-de-janeiro","status":"publish","type":"post","link":"https:\/\/www.portalalerta.com.br\/index.php\/2023\/05\/02\/todas-as-pessoas-que-tentaram-dar-um-golpe-serao-presas-diz-lula-sobre-atos-do-8-de-janeiro\/","title":{"rendered":"&#8220;Todas as pessoas que tentaram dar um golpe ser\u00e3o presas&#8221;, diz Lula sobre atos do 8 de janeiro"},"content":{"rendered":"\n<p>O presidente compareceu ao evento do Dia do Trabalhador das centrais sindicais em S\u00e3o Paulo nesta segunda-feira (1\u00ba) e falou sobre CPI dos atos golpistas<\/p>\n\n\n\n<!--more-->\n\n\n\n<p>O presidente Luiz In\u00e1cio Lula da Silva (PT) disse, nesta segunda-feira (1\u00ba), que os manifestantes envolvidos na invas\u00e3o \u00e0s sedes dos tr\u00eas poderes no 8 de janeiro seriam presos. A afirma\u00e7\u00e3o foi feita durante evento do Dia do Trabalhador, organizado pelas centrais sindicais em S\u00e3o Paulo. <strong><em>&#8220;Todas as pessoas que tentaram dar um golpe ser\u00e3o presas&#8221;<\/em><\/strong>, afirmou Lula na ocasi\u00e3o.<\/p>\n\n\n<div class=\"wp-block-image\">\n<figure class=\"alignleft size-full is-resized\"><img fetchpriority=\"high\" decoding=\"async\" src=\"https:\/\/www.portalalerta.com.br\/wp-content\/uploads\/2021\/04\/ELAB.jpg\" alt=\"\" class=\"wp-image-34795\" width=\"418\" height=\"334\" srcset=\"https:\/\/www.portalalerta.com.br\/wp-content\/uploads\/2021\/04\/ELAB.jpg 1000w, https:\/\/www.portalalerta.com.br\/wp-content\/uploads\/2021\/04\/ELAB-300x240.jpg 300w, https:\/\/www.portalalerta.com.br\/wp-content\/uploads\/2021\/04\/ELAB-768x614.jpg 768w, https:\/\/www.portalalerta.com.br\/wp-content\/uploads\/2021\/04\/ELAB-183x146.jpg 183w, https:\/\/www.portalalerta.com.br\/wp-content\/uploads\/2021\/04\/ELAB-50x40.jpg 50w, https:\/\/www.portalalerta.com.br\/wp-content\/uploads\/2021\/04\/ELAB-94x75.jpg 94w\" sizes=\"(max-width: 418px) 100vw, 418px\" \/><\/figure><\/div>\n\n\n<p>Cabe \u00e0 Justi\u00e7a a decis\u00e3o de puni\u00e7\u00e3o dos ativistas, mas a fala do presidente foi feita no contexto de\u00a0disputa pela lideran\u00e7a\u00a0da Comiss\u00e3o Parlamentar de Inqu\u00e9rito (CPI) que investigar\u00e1 as manifesta\u00e7\u00f5es.<\/p>\n\n\n\n<p>A CPI foi emplacada pela oposi\u00e7\u00e3o de Lula na C\u00e2mara de Deputados em uma tentativa de mudar a narrativa dos atos, responsabilizando o atual governo pela mobiliza\u00e7\u00e3o golpista. Inicialmente, a base governista se op\u00f4s \u00e0 cria\u00e7\u00e3o da comiss\u00e3o, mas\u00a0mudou a orienta\u00e7\u00e3o\u00a0ap\u00f3s a divulga\u00e7\u00e3o de imagens do ex-ministro do Gabinete de Seguran\u00e7a Institucional, Gon\u00e7alves Dias, dentro do Pal\u00e1cio do Planalto durante os atos.<\/p>\n\n\n\n<p>Dias pediu demiss\u00e3o do cargo\u00a0ap\u00f3s a divulga\u00e7\u00e3o, mas o caso gerou uma crise que facilitou a cria\u00e7\u00e3o da CPI e mudou a estrat\u00e9gia de Lula.<\/p>\n\n\n\n<p><em>Fonte: Metro1<\/em><\/p>\n","protected":false},"excerpt":{"rendered":"<p>O presidente compareceu ao evento do Dia do Trabalhador das centrais sindicais em S\u00e3o Paulo nesta segunda-feira (1\u00ba) e falou sobre CPI dos atos golpistas<\/p>\n","protected":false},"author":2,"featured_media":48772,"comment_status":"open","ping_status":"open","sticky":false,"template":"","format":"standard","meta":{"om_disable_all_campaigns":false,"_monsterinsights_skip_tracking":false,"_monsterinsights_sitenote_active":false,"_monsterinsights_sitenote_note":"","_monsterinsights_sitenote_category":0,"footnotes":""},"categories":[34,70,69,21],"tags":[100,71,48,5838,93,75,4178,4180,129,107,4181,132,230,303,106,203,120,51,110,109,88,47,111],"class_list":["post-48771","post","type-post","status-publish","format-standard","has-post-thumbnail","hentry","category-brasil","category-destaques","category-noticias2","category-politica","tag-adustina","tag-antas","tag-araci","tag-atos-antidemocraticos","tag-brasil","tag-cicero-dantas","tag-cipo-2","tag-crisopolis-2","tag-euclides-da-cunha","tag-fatima","tag-heliopolis-2","tag-itapicuru","tag-jeremoabo","tag-lula","tag-nova-soure","tag-novo-triunfo","tag-olindina","tag-paripiranga","tag-presos","tag-quijingue","tag-ribeira-do-amparo","tag-ribeira-do-pombal","tag-sitio-do-quinto"],"aioseo_notices":[],"_links":{"self":[{"href":"https:\/\/www.portalalerta.com.br\/index.php\/wp-json\/wp\/v2\/posts\/48771","targetHints":{"allow":["GET"]}}],"collection":[{"href":"https:\/\/www.portalalerta.com.br\/index.php\/wp-json\/wp\/v2\/posts"}],"about":[{"href":"https:\/\/www.portalalerta.com.br\/index.php\/wp-json\/wp\/v2\/types\/post"}],"author":[{"embeddable":true,"href":"https:\/\/www.portalalerta.com.br\/index.php\/wp-json\/wp\/v2\/users\/2"}],"replies":[{"embeddable":true,"href":"https:\/\/www.portalalerta.com.br\/index.php\/wp-json\/wp\/v2\/comments?post=48771"}],"version-history":[{"count":1,"href":"https:\/\/www.portalalerta.com.br\/index.php\/wp-json\/wp\/v2\/posts\/48771\/revisions"}],"predecessor-version":[{"id":48773,"href":"https:\/\/www.portalalerta.com.br\/index.php\/wp-json\/wp\/v2\/posts\/48771\/revisions\/48773"}],"wp:featuredmedia":[{"embeddable":true,"href":"https:\/\/www.portalalerta.com.br\/index.php\/wp-json\/wp\/v2\/media\/48772"}],"wp:attachment":[{"href":"https:\/\/www.portalalerta.com.br\/index.php\/wp-json\/wp\/v2\/media?parent=48771"}],"wp:term":[{"taxonomy":"category","embeddable":true,"href":"https:\/\/www.portalalerta.com.br\/index.php\/wp-json\/wp\/v2\/categories?post=48771"},{"taxonomy":"post_tag","embeddable":true,"href":"https:\/\/www.portalalerta.com.br\/index.php\/wp-json\/wp\/v2\/tags?post=48771"}],"curies":[{"name":"wp","href":"https:\/\/api.w.org\/{rel}","templated":true}]}}