{"id":48777,"date":"2023-05-02T07:02:00","date_gmt":"2023-05-02T10:02:00","guid":{"rendered":"https:\/\/www.portalalerta.com.br\/?p=48777"},"modified":"2023-05-02T00:09:26","modified_gmt":"2023-05-02T03:09:26","slug":"orlando-silva-acusa-big-techs-de-impedirem-avanco-da-pl-das-fake-news","status":"publish","type":"post","link":"https:\/\/www.portalalerta.com.br\/index.php\/2023\/05\/02\/orlando-silva-acusa-big-techs-de-impedirem-avanco-da-pl-das-fake-news\/","title":{"rendered":"Orlando Silva acusa Big Techs de impedirem avan\u00e7o da PL das Fake News"},"content":{"rendered":"\n<p>O relator do projeto denuncia interesse de Big Techs em barrar o projeto que prev\u00ea puni\u00e7\u00f5es \u00e0s plataformas que descumprirem regras<\/p>\n\n\n\n<!--more-->\n\n\n\n<p>Em evento das centrais sindicais para o Dia do Trabalhador nesta segunda-feira (1\u00ba), o deputado Orlando Silva disse que a Ag\u00eancia Nacional de Telecomunica\u00e7\u00f5es (Anatel) deve assumir a fiscaliza\u00e7\u00e3o das plataformas no PL das Fake News. Ele tamb\u00e9m acusa&nbsp;empresas Big Techs de atuarem&nbsp;para impedir o andamento do&nbsp;projeto.&nbsp;<\/p>\n\n\n<div class=\"wp-block-image\">\n<figure class=\"alignleft size-full\"><img fetchpriority=\"high\" decoding=\"async\" width=\"400\" height=\"300\" src=\"https:\/\/www.portalalerta.com.br\/wp-content\/uploads\/2023\/01\/Auto-Escola-Sonho.jpg\" alt=\"\" class=\"wp-image-47083\" srcset=\"https:\/\/www.portalalerta.com.br\/wp-content\/uploads\/2023\/01\/Auto-Escola-Sonho.jpg 400w, https:\/\/www.portalalerta.com.br\/wp-content\/uploads\/2023\/01\/Auto-Escola-Sonho-320x240.jpg 320w\" sizes=\"(max-width: 400px) 100vw, 400px\" \/><\/figure><\/div>\n\n\n<p>De acordo com o relator do PL que institui a Lei Brasileira de Liberdade, Responsabilidade e Transpar\u00eancia na Internet, empresas de tecnologia iniciaram uma a\u00e7\u00e3o junto a parlamentares para evitar a vota\u00e7\u00e3o da mat\u00e9ria e desidratar o texto final. <strong><em>\u201cNunca vi tanta sujeira em uma disputa pol\u00edtica. O Google, por exemplo, usa sua for\u00e7a majorit\u00e1ria no mercado para ampliar o alcance das posi\u00e7\u00f5es de quem \u00e9 contra o projeto e diminuir de quem \u00e9 favor\u00e1vel ao projeto\u201d<\/em><\/strong>, disse Silva.<\/p>\n\n\n\n<p>A proposta, que prev\u00ea san\u00e7\u00f5es \u00e0s plataformas que descumprirem as regras,\u00a0j\u00e1 foi alterada\u00a0em resposta a press\u00f5es no Parlamento. O trecho que previa a cria\u00e7\u00e3o de uma ag\u00eancia aut\u00f4noma especializada em fiscaliza\u00e7\u00e3o das plataformas foi retirado. Agora, a Anatel dever\u00e1 assumir a fun\u00e7\u00e3o por enfrentar menos resist\u00eancia no Congresso, de acordo com Silva.<\/p>\n\n\n\n<p>Uma das medidas propostas do PL \u00e9 a\u00a0responsabiliza\u00e7\u00e3o das plataformas\u00a0quando informa\u00e7\u00f5es falsas forem veiculadas com o impulsionamento pago, por aumentar o alcance dos conte\u00fados. A mudan\u00e7a\u00a0mexeria no bolso das empresas.<\/p>\n\n\n\n<p><em>Fonte: Metro1<\/em><\/p>\n","protected":false},"excerpt":{"rendered":"<p>O relator do projeto denuncia interesse de Big Techs em barrar o projeto que prev\u00ea puni\u00e7\u00f5es \u00e0s plataformas que descumprirem regras<\/p>\n","protected":false},"author":2,"featured_media":48778,"comment_status":"open","ping_status":"open","sticky":false,"template":"","format":"standard","meta":{"om_disable_all_campaigns":false,"_monsterinsights_skip_tracking":false,"_monsterinsights_sitenote_active":false,"_monsterinsights_sitenote_note":"","_monsterinsights_sitenote_category":0,"footnotes":""},"categories":[34,70,69,21],"tags":[100,71,48,6062,93,75,4178,4180,215,129,821,107,4181,132,230,106,203,120,6061,51,731,109,88,47,111,190],"class_list":["post-48777","post","type-post","status-publish","format-standard","has-post-thumbnail","hentry","category-brasil","category-destaques","category-noticias2","category-politica","tag-adustina","tag-antas","tag-araci","tag-big-techs","tag-brasil","tag-cicero-dantas","tag-cipo-2","tag-crisopolis-2","tag-deputado-federal","tag-euclides-da-cunha","tag-fakenews","tag-fatima","tag-heliopolis-2","tag-itapicuru","tag-jeremoabo","tag-nova-soure","tag-novo-triunfo","tag-olindina","tag-orlando-silva","tag-paripiranga","tag-projeto-de-lei","tag-quijingue","tag-ribeira-do-amparo","tag-ribeira-do-pombal","tag-sitio-do-quinto","tag-tucano"],"aioseo_notices":[],"_links":{"self":[{"href":"https:\/\/www.portalalerta.com.br\/index.php\/wp-json\/wp\/v2\/posts\/48777","targetHints":{"allow":["GET"]}}],"collection":[{"href":"https:\/\/www.portalalerta.com.br\/index.php\/wp-json\/wp\/v2\/posts"}],"about":[{"href":"https:\/\/www.portalalerta.com.br\/index.php\/wp-json\/wp\/v2\/types\/post"}],"author":[{"embeddable":true,"href":"https:\/\/www.portalalerta.com.br\/index.php\/wp-json\/wp\/v2\/users\/2"}],"replies":[{"embeddable":true,"href":"https:\/\/www.portalalerta.com.br\/index.php\/wp-json\/wp\/v2\/comments?post=48777"}],"version-history":[{"count":1,"href":"https:\/\/www.portalalerta.com.br\/index.php\/wp-json\/wp\/v2\/posts\/48777\/revisions"}],"predecessor-version":[{"id":48779,"href":"https:\/\/www.portalalerta.com.br\/index.php\/wp-json\/wp\/v2\/posts\/48777\/revisions\/48779"}],"wp:featuredmedia":[{"embeddable":true,"href":"https:\/\/www.portalalerta.com.br\/index.php\/wp-json\/wp\/v2\/media\/48778"}],"wp:attachment":[{"href":"https:\/\/www.portalalerta.com.br\/index.php\/wp-json\/wp\/v2\/media?parent=48777"}],"wp:term":[{"taxonomy":"category","embeddable":true,"href":"https:\/\/www.portalalerta.com.br\/index.php\/wp-json\/wp\/v2\/categories?post=48777"},{"taxonomy":"post_tag","embeddable":true,"href":"https:\/\/www.portalalerta.com.br\/index.php\/wp-json\/wp\/v2\/tags?post=48777"}],"curies":[{"name":"wp","href":"https:\/\/api.w.org\/{rel}","templated":true}]}}