{"id":48780,"date":"2023-05-02T07:03:00","date_gmt":"2023-05-02T10:03:00","guid":{"rendered":"https:\/\/www.portalalerta.com.br\/?p=48780"},"modified":"2023-05-02T00:29:49","modified_gmt":"2023-05-02T03:29:49","slug":"comocao-e-revolta-marcam-sepultamento-de-jovem-assassinada-em-ribeira-do-pombal-ba","status":"publish","type":"post","link":"https:\/\/www.portalalerta.com.br\/index.php\/2023\/05\/02\/comocao-e-revolta-marcam-sepultamento-de-jovem-assassinada-em-ribeira-do-pombal-ba\/","title":{"rendered":"Como\u00e7\u00e3o e Revolta marcam sepultamento de jovem assassinada em Ribeira do Pombal-BA"},"content":{"rendered":"\n<p>Em meio a um clima de muita emo\u00e7\u00e3o, como\u00e7\u00e3o e revolta, parentes e amigos participaram na noite desta segunda-feira, (1\u00ba), do sepultamento da jovem <strong><a href=\"https:\/\/www.portalalerta.com.br\/index.php\/2023\/05\/01\/mulher-e-assassinada-a-tiro-em-ribeira-do-pombal-ba-namorado-e-o-principal-suspeito\/\">Camila F\u00e9lix dos Santos, de 24 anos<\/a><\/strong>, no Cemit\u00e9rio Vale da Saudade, no bairro Cabor\u00e9, regi\u00e3o Sul de Ribeira do Pombal.<\/p>\n\n\n\n<!--more-->\n\n\n\n<p>Camila foi assassinada no fim da tarde de domingo (30), por arma de fogo. A jovem chegou a ser levada \u00e0 Unidade Hospitalar ainda apresentando sinais vitais, por\u00e9m n\u00e3o resistiu ao ferimento e morreu.<br><br>De acordo com informa\u00e7\u00f5es de familiares, o principal suspeito \u00e9 o pr\u00f3prio namorado da v\u00edtima, pois a jovem estava em companhia do mesmo em um evento na zona rural do munic\u00edpio de Pombal.<\/p>\n\n\n\n<figure class=\"wp-block-image size-full\"><img fetchpriority=\"high\" decoding=\"async\" width=\"795\" height=\"600\" src=\"https:\/\/www.portalalerta.com.br\/wp-content\/uploads\/2023\/05\/homicidio-em-Ribeira-do-Pombal-2023.jpg\" alt=\"\" class=\"wp-image-48759\" srcset=\"https:\/\/www.portalalerta.com.br\/wp-content\/uploads\/2023\/05\/homicidio-em-Ribeira-do-Pombal-2023.jpg 795w, https:\/\/www.portalalerta.com.br\/wp-content\/uploads\/2023\/05\/homicidio-em-Ribeira-do-Pombal-2023-318x240.jpg 318w, https:\/\/www.portalalerta.com.br\/wp-content\/uploads\/2023\/05\/homicidio-em-Ribeira-do-Pombal-2023-768x580.jpg 768w\" sizes=\"(max-width: 795px) 100vw, 795px\" \/><\/figure>\n\n\n\n<p><em>Fonte: R\u00e1dio Gazeta Pombal<\/em><\/p>\n","protected":false},"excerpt":{"rendered":"<p>Em meio a um clima de muita emo\u00e7\u00e3o, como\u00e7\u00e3o e revolta, parentes e amigos participaram na noite desta segunda-feira, (1\u00ba), do sepultamento da jovem Camila F\u00e9lix dos Santos, de 24 anos, no Cemit\u00e9rio Vale da Saudade, no bairro Cabor\u00e9, regi\u00e3o Sul de Ribeira do Pombal.<\/p>\n","protected":false},"author":2,"featured_media":48781,"comment_status":"open","ping_status":"open","sticky":false,"template":"","format":"standard","meta":{"om_disable_all_campaigns":false,"_monsterinsights_skip_tracking":false,"_monsterinsights_sitenote_active":false,"_monsterinsights_sitenote_note":"","_monsterinsights_sitenote_category":0,"footnotes":""},"categories":[70,69,32,3,22],"tags":[100,71,48,75,4178,4180,129,107,4181,206,132,230,169,106,203,120,51,109,88,47,771,111,190],"class_list":["post-48780","post","type-post","status-publish","format-standard","has-post-thumbnail","hentry","category-destaques","category-noticias2","category-regiao","category-ribeira-do-pombal","category-seguranca","tag-adustina","tag-antas","tag-araci","tag-cicero-dantas","tag-cipo-2","tag-crisopolis-2","tag-euclides-da-cunha","tag-fatima","tag-heliopolis-2","tag-homicidio","tag-itapicuru","tag-jeremoabo","tag-morte","tag-nova-soure","tag-novo-triunfo","tag-olindina","tag-paripiranga","tag-quijingue","tag-ribeira-do-amparo","tag-ribeira-do-pombal","tag-sepultamento","tag-sitio-do-quinto","tag-tucano"],"aioseo_notices":[],"_links":{"self":[{"href":"https:\/\/www.portalalerta.com.br\/index.php\/wp-json\/wp\/v2\/posts\/48780","targetHints":{"allow":["GET"]}}],"collection":[{"href":"https:\/\/www.portalalerta.com.br\/index.php\/wp-json\/wp\/v2\/posts"}],"about":[{"href":"https:\/\/www.portalalerta.com.br\/index.php\/wp-json\/wp\/v2\/types\/post"}],"author":[{"embeddable":true,"href":"https:\/\/www.portalalerta.com.br\/index.php\/wp-json\/wp\/v2\/users\/2"}],"replies":[{"embeddable":true,"href":"https:\/\/www.portalalerta.com.br\/index.php\/wp-json\/wp\/v2\/comments?post=48780"}],"version-history":[{"count":1,"href":"https:\/\/www.portalalerta.com.br\/index.php\/wp-json\/wp\/v2\/posts\/48780\/revisions"}],"predecessor-version":[{"id":48782,"href":"https:\/\/www.portalalerta.com.br\/index.php\/wp-json\/wp\/v2\/posts\/48780\/revisions\/48782"}],"wp:featuredmedia":[{"embeddable":true,"href":"https:\/\/www.portalalerta.com.br\/index.php\/wp-json\/wp\/v2\/media\/48781"}],"wp:attachment":[{"href":"https:\/\/www.portalalerta.com.br\/index.php\/wp-json\/wp\/v2\/media?parent=48780"}],"wp:term":[{"taxonomy":"category","embeddable":true,"href":"https:\/\/www.portalalerta.com.br\/index.php\/wp-json\/wp\/v2\/categories?post=48780"},{"taxonomy":"post_tag","embeddable":true,"href":"https:\/\/www.portalalerta.com.br\/index.php\/wp-json\/wp\/v2\/tags?post=48780"}],"curies":[{"name":"wp","href":"https:\/\/api.w.org\/{rel}","templated":true}]}}