{"id":48783,"date":"2023-05-02T11:00:00","date_gmt":"2023-05-02T14:00:00","guid":{"rendered":"https:\/\/www.portalalerta.com.br\/?p=48783"},"modified":"2023-05-02T00:39:19","modified_gmt":"2023-05-02T03:39:19","slug":"cooperativa-pombalense-de-apicultores-se-destaca-na-producao-e-exportacao-de-mel-puro","status":"publish","type":"post","link":"https:\/\/www.portalalerta.com.br\/index.php\/2023\/05\/02\/cooperativa-pombalense-de-apicultores-se-destaca-na-producao-e-exportacao-de-mel-puro\/","title":{"rendered":"Cooperativa Pombalense de Apicultores se destaca na produ\u00e7\u00e3o e exporta\u00e7\u00e3o de mel puro"},"content":{"rendered":"\n<p>Empreendimento da agricultura familiar, apoiado pelo Governo do Estado, amplia produ\u00e7\u00e3o e qualidade dos produtos.<\/p>\n\n\n\n<!--more-->\n\n\n\n<p>O mel produzido na Bahia \u00e9 um desejo tanto para o Brasil quanto para o resto do mundo, de acordo com Jos\u00e9 Carlos, diretor da Cooperativa dos Apicultores de Ribeira do Pombal (Cooarp). Essa cooperativa \u00e9 um empreendimento da agricultura familiar, fortalecido pelo Governo do Estado atrav\u00e9s do Projeto Bahia Produtiva, que atua h\u00e1 22 anos no mercado da meliponicultura, impulsionando a economia do territ\u00f3rio Semi\u00e1rido Nordeste II.<\/p>\n\n\n<div class=\"wp-block-image\">\n<figure class=\"alignleft size-full is-resized\"><img fetchpriority=\"high\" decoding=\"async\" src=\"https:\/\/www.portalalerta.com.br\/wp-content\/uploads\/2021\/04\/ELAB.jpg\" alt=\"\" class=\"wp-image-34795\" width=\"432\" height=\"345\" srcset=\"https:\/\/www.portalalerta.com.br\/wp-content\/uploads\/2021\/04\/ELAB.jpg 1000w, https:\/\/www.portalalerta.com.br\/wp-content\/uploads\/2021\/04\/ELAB-300x240.jpg 300w, https:\/\/www.portalalerta.com.br\/wp-content\/uploads\/2021\/04\/ELAB-768x614.jpg 768w, https:\/\/www.portalalerta.com.br\/wp-content\/uploads\/2021\/04\/ELAB-183x146.jpg 183w, https:\/\/www.portalalerta.com.br\/wp-content\/uploads\/2021\/04\/ELAB-50x40.jpg 50w, https:\/\/www.portalalerta.com.br\/wp-content\/uploads\/2021\/04\/ELAB-94x75.jpg 94w\" sizes=\"(max-width: 432px) 100vw, 432px\" \/><\/figure><\/div>\n\n\n<p>A cooperativa atualmente possui 270 cooperados, produz 600 toneladas de mel por ano e realiza exporta\u00e7\u00f5es indiretas. Com o apoio do Governo do Estado, conseguiram melhorar suas estruturas, capacidade de produ\u00e7\u00e3o, apresenta\u00e7\u00e3o e qualidade dos produtos. A Cooarp tem 18 funcion\u00e1rios diretos e uma marca pr\u00f3pria, a \u201cMelira\u201d. Atualmente, \u00e9 respons\u00e1vel pela exporta\u00e7\u00e3o de cerca de 500 toneladas de mel para pa\u00edses como os Estados Unidos, oferecendo mel em bisnagas, garrafas PET, sach\u00eas, vidros, baldes e tambor, todos 100% puros e provenientes de um rigoroso processo de qualidade desde a sua etapa de produ\u00e7\u00e3o at\u00e9 o produto final.<\/p>\n\n\n\n<p>O secret\u00e1rio de Desenvolvimento Rural, Osni Cardoso, visitou a cooperativa e refor\u00e7ou a inten\u00e7\u00e3o da SDR de seguir investindo em experi\u00eancias que fortalecem a m\u00e3o de obra familiar. A cultura do mel \u00e9 bastante expressiva no Nordeste II, sendo uma alternativa de trabalho para muitas pessoas. Toneladas de mel s\u00e3o produzidas, gerando renda e movimentando a economia. A SDR \u00e9 o bra\u00e7o do Governo do Estado que potencializa empreendimento como este e valoriza a m\u00e3o de obra do agricultor e agricultora familiar.<\/p>\n\n\n\n<p>O Governo do Estado, por meio da Secretaria de Desenvolvimento Rural (SDR), investiu mais de R$3,4 milh\u00f5es na constru\u00e7\u00e3o de uma nova unidade de beneficiamento de mel, amplia\u00e7\u00e3o e reforma da unidade j\u00e1 existente, aquisi\u00e7\u00e3o de equipamentos, melhorias na infraestrutura do entreposto, al\u00e9m de assist\u00eancia t\u00e9cnica e adequa\u00e7\u00f5es dos produtos. A coordenadora da cooperativa, Taiane Paix\u00e3o, explicou que o projeto trouxe melhorias, como a amplia\u00e7\u00e3o da produ\u00e7\u00e3o e da \u00e1rea, a atualiza\u00e7\u00e3o do maquin\u00e1rio para uma vers\u00e3o eletr\u00f4nica, melhorias na m\u00e3o de obra, no tempo de produ\u00e7\u00e3o e na qualidade do produto.<\/p>\n\n\n\n<p>O Bahia Produtiva \u00e9 um projeto executado pela SDR, atrav\u00e9s da Companhia de Desenvolvimento e A\u00e7\u00e3o Regional (CAR), com apoio da Funda\u00e7\u00e3o Lu\u00eds Eduardo Magalh\u00e3es (FLEM) e cofinanciamento do Fundo Internacional de Desenvolvimento Agr\u00edcola (FIDA).<\/p>\n\n\n\n<p><em>Fonte: Dia a Dia Nordeste<\/em><\/p>\n\n\n\n<p><em>Com informa\u00e7\u00f5es: <\/em><em>Ascom\/SDR<\/em><\/p>\n","protected":false},"excerpt":{"rendered":"<p>Empreendimento da agricultura familiar, apoiado pelo Governo do Estado, amplia produ\u00e7\u00e3o e qualidade dos produtos.<\/p>\n","protected":false},"author":2,"featured_media":48784,"comment_status":"open","ping_status":"open","sticky":false,"template":"","format":"standard","meta":{"om_disable_all_campaigns":false,"_monsterinsights_skip_tracking":false,"_monsterinsights_sitenote_active":false,"_monsterinsights_sitenote_note":"","_monsterinsights_sitenote_category":0,"footnotes":""},"categories":[70,69,32,3],"tags":[100,71,48,75,4178,2771,6063,4180,129,107,4181,132,230,6064,106,203,120,51,109,88,47,111,190],"class_list":["post-48783","post","type-post","status-publish","format-standard","has-post-thumbnail","hentry","category-destaques","category-noticias2","category-regiao","category-ribeira-do-pombal","tag-adustina","tag-antas","tag-araci","tag-cicero-dantas","tag-cipo-2","tag-cooperativa","tag-cooperativa-de-mel","tag-crisopolis-2","tag-euclides-da-cunha","tag-fatima","tag-heliopolis-2","tag-itapicuru","tag-jeremoabo","tag-mel","tag-nova-soure","tag-novo-triunfo","tag-olindina","tag-paripiranga","tag-quijingue","tag-ribeira-do-amparo","tag-ribeira-do-pombal","tag-sitio-do-quinto","tag-tucano"],"aioseo_notices":[],"_links":{"self":[{"href":"https:\/\/www.portalalerta.com.br\/index.php\/wp-json\/wp\/v2\/posts\/48783","targetHints":{"allow":["GET"]}}],"collection":[{"href":"https:\/\/www.portalalerta.com.br\/index.php\/wp-json\/wp\/v2\/posts"}],"about":[{"href":"https:\/\/www.portalalerta.com.br\/index.php\/wp-json\/wp\/v2\/types\/post"}],"author":[{"embeddable":true,"href":"https:\/\/www.portalalerta.com.br\/index.php\/wp-json\/wp\/v2\/users\/2"}],"replies":[{"embeddable":true,"href":"https:\/\/www.portalalerta.com.br\/index.php\/wp-json\/wp\/v2\/comments?post=48783"}],"version-history":[{"count":1,"href":"https:\/\/www.portalalerta.com.br\/index.php\/wp-json\/wp\/v2\/posts\/48783\/revisions"}],"predecessor-version":[{"id":48785,"href":"https:\/\/www.portalalerta.com.br\/index.php\/wp-json\/wp\/v2\/posts\/48783\/revisions\/48785"}],"wp:featuredmedia":[{"embeddable":true,"href":"https:\/\/www.portalalerta.com.br\/index.php\/wp-json\/wp\/v2\/media\/48784"}],"wp:attachment":[{"href":"https:\/\/www.portalalerta.com.br\/index.php\/wp-json\/wp\/v2\/media?parent=48783"}],"wp:term":[{"taxonomy":"category","embeddable":true,"href":"https:\/\/www.portalalerta.com.br\/index.php\/wp-json\/wp\/v2\/categories?post=48783"},{"taxonomy":"post_tag","embeddable":true,"href":"https:\/\/www.portalalerta.com.br\/index.php\/wp-json\/wp\/v2\/tags?post=48783"}],"curies":[{"name":"wp","href":"https:\/\/api.w.org\/{rel}","templated":true}]}}