{"id":4879,"date":"2018-02-21T13:30:21","date_gmt":"2018-02-21T16:30:21","guid":{"rendered":"http:\/\/www.portalalerta.com.br\/?p=4879"},"modified":"2018-02-21T13:30:21","modified_gmt":"2018-02-21T16:30:21","slug":"camara-planeja-facilitar-posse-de-arma","status":"publish","type":"post","link":"https:\/\/www.portalalerta.com.br\/index.php\/2018\/02\/21\/camara-planeja-facilitar-posse-de-arma\/","title":{"rendered":"C\u00e2mara planeja facilitar posse de arma"},"content":{"rendered":"<p style=\"text-align: justify;\">A C\u00e2mara dos Deputados prepara um pacote de projetos que pode flexibilizar o estatuto do desarmamento justamente num momento em que v\u00e1rios estados do pa\u00eds enfrentam uma onda de viol\u00eancia &#8211; a ponto de o Rio ter sofrido uma interven\u00e7\u00e3o federal na seguran\u00e7a p\u00fablica.\u00a0<!--more--><\/p>\n<p style=\"text-align: justify;\"><img fetchpriority=\"high\" decoding=\"async\" class=\"size-full wp-image-2902 alignleft\" src=\"http:\/\/www.portalalerta.com.br\/wp-content\/uploads\/2017\/11\/elab-2.jpg\" alt=\"\" width=\"310\" height=\"200\" srcset=\"https:\/\/www.portalalerta.com.br\/wp-content\/uploads\/2017\/11\/elab-2.jpg 310w, https:\/\/www.portalalerta.com.br\/wp-content\/uploads\/2017\/11\/elab-2-226x146.jpg 226w, https:\/\/www.portalalerta.com.br\/wp-content\/uploads\/2017\/11\/elab-2-50x32.jpg 50w, https:\/\/www.portalalerta.com.br\/wp-content\/uploads\/2017\/11\/elab-2-116x75.jpg 116w\" sizes=\"(max-width: 310px) 100vw, 310px\" \/>Segundo informa\u00e7\u00f5es do jornal O Globo, um dos itens da pauta que deve ser votado ainda este semestre prop\u00f5e mudan\u00e7as na legisla\u00e7\u00e3o para ampliar o n\u00famero de pessoas habilitadas a ter posse de armas dentro de casa. A ideia \u00e9 conceder mais licen\u00e7as para quem n\u00e3o tem antecedentes criminais e for aprovado em um curso de tiro e num teste psicot\u00e9cnico.<\/p>\n<p style=\"text-align: justify;\">A proposta tem origem na chamada bancada da bala e conta com o respaldo do presidente da Casa, Rodrigo Maia (DEM-RJ).<\/p>\n<p style=\"text-align: justify;\">O debate sobre a proposta ser\u00e1 feito com base em um projeto j\u00e1 aprovado em uma comiss\u00e3o especial da C\u00e2mara. O deputado Alberto Fraga (DEM-DF), um dos expoentes da bancada da bala, dever\u00e1 ser o relator em plen\u00e1rio.<\/p>\n<p style=\"text-align: justify;\">Se for confirmado na fun\u00e7\u00e3o, ele fixar\u00e1 os crit\u00e9rios para a concess\u00e3o de licen\u00e7as aos interessados em ter armas em casa. Fraga diz que, na Casa, tamb\u00e9m est\u00e1 sendo discutida a possibilidade de uma flexibiliza\u00e7\u00e3o do porte de armas &#8211; que daria ao propriet\u00e1rio o direito de lev\u00e1-la para as ruas.<\/p>\n<p style=\"text-align: justify;\"><em>Fonte: Boc\u00e3o News<\/em><\/p>\n","protected":false},"excerpt":{"rendered":"<p>A C\u00e2mara dos Deputados prepara um pacote de projetos que pode flexibilizar o estatuto do desarmamento justamente num momento em que v\u00e1rios estados do pa\u00eds enfrentam uma onda de viol\u00eancia &#8211; a ponto de o Rio ter sofrido uma interven\u00e7\u00e3o federal na seguran\u00e7a p\u00fablica.\u00a0<\/p>\n","protected":false},"author":2,"featured_media":4880,"comment_status":"closed","ping_status":"open","sticky":false,"template":"","format":"standard","meta":{"om_disable_all_campaigns":false,"_monsterinsights_skip_tracking":false,"_monsterinsights_sitenote_active":false,"_monsterinsights_sitenote_note":"","_monsterinsights_sitenote_category":0,"footnotes":""},"categories":[34,70,69,21,22],"tags":[93,186,625],"class_list":["post-4879","post","type-post","status-publish","format-standard","has-post-thumbnail","hentry","category-brasil","category-destaques","category-noticias2","category-politica","category-seguranca","tag-brasil","tag-camara-dos-deputados","tag-desarmamento"],"aioseo_notices":[],"_links":{"self":[{"href":"https:\/\/www.portalalerta.com.br\/index.php\/wp-json\/wp\/v2\/posts\/4879","targetHints":{"allow":["GET"]}}],"collection":[{"href":"https:\/\/www.portalalerta.com.br\/index.php\/wp-json\/wp\/v2\/posts"}],"about":[{"href":"https:\/\/www.portalalerta.com.br\/index.php\/wp-json\/wp\/v2\/types\/post"}],"author":[{"embeddable":true,"href":"https:\/\/www.portalalerta.com.br\/index.php\/wp-json\/wp\/v2\/users\/2"}],"replies":[{"embeddable":true,"href":"https:\/\/www.portalalerta.com.br\/index.php\/wp-json\/wp\/v2\/comments?post=4879"}],"version-history":[{"count":0,"href":"https:\/\/www.portalalerta.com.br\/index.php\/wp-json\/wp\/v2\/posts\/4879\/revisions"}],"wp:featuredmedia":[{"embeddable":true,"href":"https:\/\/www.portalalerta.com.br\/index.php\/wp-json\/wp\/v2\/media\/4880"}],"wp:attachment":[{"href":"https:\/\/www.portalalerta.com.br\/index.php\/wp-json\/wp\/v2\/media?parent=4879"}],"wp:term":[{"taxonomy":"category","embeddable":true,"href":"https:\/\/www.portalalerta.com.br\/index.php\/wp-json\/wp\/v2\/categories?post=4879"},{"taxonomy":"post_tag","embeddable":true,"href":"https:\/\/www.portalalerta.com.br\/index.php\/wp-json\/wp\/v2\/tags?post=4879"}],"curies":[{"name":"wp","href":"https:\/\/api.w.org\/{rel}","templated":true}]}}