{"id":48796,"date":"2023-05-02T21:05:26","date_gmt":"2023-05-03T00:05:26","guid":{"rendered":"https:\/\/www.portalalerta.com.br\/?p=48796"},"modified":"2023-05-02T21:05:28","modified_gmt":"2023-05-03T00:05:28","slug":"etica-do-cob-suspende-wallace-souza-por-5-anos","status":"publish","type":"post","link":"https:\/\/www.portalalerta.com.br\/index.php\/2023\/05\/02\/etica-do-cob-suspende-wallace-souza-por-5-anos\/","title":{"rendered":"\u00c9tica do COB suspende Wallace Souza por 5 anos"},"content":{"rendered":"\n<p><em>CBV \u00e9 punida com perda de repasses de verbas por 6 meses<\/em><\/p>\n\n\n\n<!--more-->\n\n\n\n<p>O Conselho de \u00c9tica do Comit\u00ea Ol\u00edmpico do Brasil (COB) decidiu, nesta segunda-feira (2), ampliar a suspens\u00e3o do oposto Wallace Souza de 90 dias para cinco anos por causa uma publica\u00e7\u00e3o do jogador no Instagram na qual aparece armado com uma pistola, junto \u00e0 enquete <strong><em>\u201cDaria um tiro na cara do [presidente] Lula com essa 12?\u201d<\/em><\/strong>.<\/p>\n\n\n\n<p>O an\u00fancio do Conselho de \u00c9tica do COB vem ap\u00f3s\u00a0o jogador defender o Cruzeiro no segundo jogo da final da Superliga Masculina de V\u00f4lei, no \u00faltimo domingo (30),\u00a0ap\u00f3s ser liberado pelo Centro Brasileiro de Media\u00e7\u00e3o e Arbitragem (CBMA) para disputar a decis\u00e3o com o S\u00e3o Jos\u00e9 momentos antes do primeiro jogo entre as equipes.<\/p>\n\n\n<div class=\"wp-block-image\">\n<figure class=\"alignleft size-full is-resized\"><img fetchpriority=\"high\" decoding=\"async\" src=\"https:\/\/www.portalalerta.com.br\/wp-content\/uploads\/2021\/04\/ELAB.jpg\" alt=\"\" class=\"wp-image-34795\" width=\"396\" height=\"316\" srcset=\"https:\/\/www.portalalerta.com.br\/wp-content\/uploads\/2021\/04\/ELAB.jpg 1000w, https:\/\/www.portalalerta.com.br\/wp-content\/uploads\/2021\/04\/ELAB-300x240.jpg 300w, https:\/\/www.portalalerta.com.br\/wp-content\/uploads\/2021\/04\/ELAB-768x614.jpg 768w, https:\/\/www.portalalerta.com.br\/wp-content\/uploads\/2021\/04\/ELAB-183x146.jpg 183w, https:\/\/www.portalalerta.com.br\/wp-content\/uploads\/2021\/04\/ELAB-50x40.jpg 50w, https:\/\/www.portalalerta.com.br\/wp-content\/uploads\/2021\/04\/ELAB-94x75.jpg 94w\" sizes=\"(max-width: 396px) 100vw, 396px\" \/><\/figure><\/div>\n\n\n<p>No entendimento do Conselho de \u00c9tica do COB, a interven\u00e7\u00e3o do CBMA no caso foi indevida e sua decis\u00e3o \u00e9 soberana. Quem tamb\u00e9m recebeu uma puni\u00e7\u00e3o foi a Confedera\u00e7\u00e3o Brasileira de V\u00f4lei (CBV), que ficar\u00e1 sem receber repasses de verbas por seis meses e cujo presidente, Radam\u00e9s Lattari, foi suspenso. \u00c9 importante destacar que o COB n\u00e3o informou se acatar\u00e1 ou n\u00e3o a decis\u00e3o do seu Conselho de \u00c9tica.<\/p>\n\n\n\n<p>Em nota enviada \u00e0&nbsp;<strong>Ag\u00eancia Brasil<\/strong>, a CBV afirmou que <strong><em>&#8220;recebeu com perplexidade a decis\u00e3o do Conselho de \u00c9tica do COB&#8221;<\/em><\/strong> e argumentou que <strong><em>&#8220;o Conselho de \u00c9tica do COB n\u00e3o observa as regras do pr\u00f3prio estatuto do COB, ao n\u00e3o considerar a decis\u00e3o do CBMA, inst\u00e2ncia arbitral eleita pelo COB conforme ata de seu Conselho de Administra\u00e7\u00e3o&#8221;<\/em><\/strong>. Assim, a entidade m\u00e1xima do v\u00f4lei brasileiro, diz que <strong><em>&#8220;se v\u00ea obrigada a tomar todas as medidas jur\u00eddicas cab\u00edveis para garantir seus direitos&#8221;<\/em><\/strong>.<\/p>\n\n\n\n<p><strong>Apoio da AGU<\/strong><\/p>\n\n\n\n<p>Quem expressou apoio \u00e0 decis\u00e3o do Conselho de \u00c9tica do COB emitida nesta ter\u00e7a foi a\u00a0Advocacia-Geral da Uni\u00e3o (AGU): <strong><em>&#8220;A AGU manifesta integral apoio \u00e0 decis\u00e3o do Conselho de \u00c9tica do COB de aplicar novas penalidades \u00e0 CBV, seus dirigentes e a Wallace de Souza ap\u00f3s o descumprimento de suspens\u00e3o imposta pela entidade esportiva ao atleta&#8221;<\/em><\/strong>.<\/p>\n\n\n\n<p>Segundo a AGU, <strong><em>&#8220;o incentivo ao \u00f3dio e \u00e0 intoler\u00e2ncia n\u00e3o podem ser relativizados ou normalizados, sob pena de se fomentar um ambiente f\u00e9rtil para a reprodu\u00e7\u00e3o de atos violentos e criminosos que merecem o mais absoluto rep\u00fadio n\u00e3o s\u00f3 das institui\u00e7\u00f5es p\u00fablicas e entidades ligadas ao esporte, mas de toda a sociedade. \u00c9 na dire\u00e7\u00e3o contr\u00e1ria, da paz, que se almeja sempre caminhar&#8221;<\/em><\/strong>.<\/p>\n\n\n\n<p><strong>Decis\u00f5es conflitantes<\/strong><\/p>\n\n\n\n<p>A interven\u00e7\u00e3o do CBMA no caso foi pedida pela CBV ap\u00f3s decis\u00f5es conflitantes do Superior Tribunal de Justi\u00e7a Desportiva (STJD) do v\u00f4lei e do Conselho de \u00c9tica do COB sobre o caso de Wallace.<\/p>\n\n\n\n<p>O conflito surgiu quando o STJD do v\u00f4lei concedeu ao jogador uma liminar para entrar em quadra para enfrentar o S\u00e3o Jos\u00e9. Esta liminar reverteu a suspens\u00e3o de 90 dias imposta no dia 3 de abril pelo Conselho de \u00c9tica do COB, decis\u00e3o tomada de forma un\u00e2nime pela entidade e que tirava o oposto da reta final da Superliga masculina.<\/p>\n\n\n\n<p>O entendimento da CBMA foi de que, \u201cneste caso, prevalece a decis\u00e3o do Superior Tribunal de Justi\u00e7a Desportiva (STJD) at\u00e9 julgamento final do mandado de garantia ou do m\u00e9rito de eventual recurso\u201d.<\/p>\n\n\n\n<p><strong>Postagem nas redes sociais<\/strong><\/p>\n\n\n\n<p>O caso come\u00e7ou no dia 30 de janeiro, quando Wallace publicou em sua conta no Instagram uma imagem na qual aparece armado com uma pistola, junto \u00e0 enquete<strong><em> \u201cDaria um tiro na cara do [presidente] Lula com essa 12?\u201d<\/em><\/strong>. Tr\u00eas dias ap\u00f3s a postagem, o jogador foi suspenso de forma cautelar pelo Conselho do COB, ap\u00f3s representa\u00e7\u00e3o da Advocacia-Geral da Uni\u00e3o (AGU). No in\u00edcio de mar\u00e7o, a suspens\u00e3o foi prorrogada por mais 30 dias.<\/p>\n\n\n\n<p>Wallace tamb\u00e9m foi denunciado pela AGU e pela CBV junto ao STJD do v\u00f4lei. No entanto, no dia 27 de fevereiro o STJD arquivou a not\u00edcia de infra\u00e7\u00e3o contra o jogador. Na decis\u00e3o, o procurador-geral F\u00e1bio Lira afirmou que o caso n\u00e3o tinha liga\u00e7\u00e3o com o esporte, a n\u00e3o ser pelo fato de Wallace ser um atleta.<\/p>\n\n\n\n<p>Ap\u00f3s 11 anos dedicados \u00e0 sele\u00e7\u00e3o, Wallace chegou a anunciar a aposentadoria da equipe depois da Olimp\u00edada de T\u00f3quio, quando o pa\u00eds ficou fora do p\u00f3dio. No entanto, o jogador voltou atr\u00e1s em sua decis\u00e3o, ap\u00f3s receber um convite da CBV para disputar o Mundial de 2022. O oposto foi destaque na campanha do time comandado pelo t\u00e9cnico Renan Dal Zotto, que terminou a competi\u00e7\u00e3o com a medalha de bronze.<\/p>\n\n\n\n<p><em>Fonte: Ag\u00eancia Brasil<\/em><\/p>\n","protected":false},"excerpt":{"rendered":"<p>CBV \u00e9 punida com perda de repasses de verbas por 6 meses<\/p>\n","protected":false},"author":2,"featured_media":47104,"comment_status":"open","ping_status":"open","sticky":false,"template":"","format":"standard","meta":{"om_disable_all_campaigns":false,"_monsterinsights_skip_tracking":false,"_monsterinsights_sitenote_active":false,"_monsterinsights_sitenote_note":"","_monsterinsights_sitenote_category":0,"footnotes":""},"categories":[34,70,2,69,21],"tags":[100,71,48,93,75,4178,6065,4180,129,107,4181,132,230,106,203,120,51,109,88,47,111,748,190,4795,5884],"class_list":["post-48796","post","type-post","status-publish","format-standard","has-post-thumbnail","hentry","category-brasil","category-destaques","category-esportes","category-noticias2","category-politica","tag-adustina","tag-antas","tag-araci","tag-brasil","tag-cicero-dantas","tag-cipo-2","tag-cob","tag-crisopolis-2","tag-euclides-da-cunha","tag-fatima","tag-heliopolis-2","tag-itapicuru","tag-jeremoabo","tag-nova-soure","tag-novo-triunfo","tag-olindina","tag-paripiranga","tag-quijingue","tag-ribeira-do-amparo","tag-ribeira-do-pombal","tag-sitio-do-quinto","tag-suspensao","tag-tucano","tag-voleibol","tag-wallace"],"aioseo_notices":[],"_links":{"self":[{"href":"https:\/\/www.portalalerta.com.br\/index.php\/wp-json\/wp\/v2\/posts\/48796","targetHints":{"allow":["GET"]}}],"collection":[{"href":"https:\/\/www.portalalerta.com.br\/index.php\/wp-json\/wp\/v2\/posts"}],"about":[{"href":"https:\/\/www.portalalerta.com.br\/index.php\/wp-json\/wp\/v2\/types\/post"}],"author":[{"embeddable":true,"href":"https:\/\/www.portalalerta.com.br\/index.php\/wp-json\/wp\/v2\/users\/2"}],"replies":[{"embeddable":true,"href":"https:\/\/www.portalalerta.com.br\/index.php\/wp-json\/wp\/v2\/comments?post=48796"}],"version-history":[{"count":1,"href":"https:\/\/www.portalalerta.com.br\/index.php\/wp-json\/wp\/v2\/posts\/48796\/revisions"}],"predecessor-version":[{"id":48797,"href":"https:\/\/www.portalalerta.com.br\/index.php\/wp-json\/wp\/v2\/posts\/48796\/revisions\/48797"}],"wp:featuredmedia":[{"embeddable":true,"href":"https:\/\/www.portalalerta.com.br\/index.php\/wp-json\/wp\/v2\/media\/47104"}],"wp:attachment":[{"href":"https:\/\/www.portalalerta.com.br\/index.php\/wp-json\/wp\/v2\/media?parent=48796"}],"wp:term":[{"taxonomy":"category","embeddable":true,"href":"https:\/\/www.portalalerta.com.br\/index.php\/wp-json\/wp\/v2\/categories?post=48796"},{"taxonomy":"post_tag","embeddable":true,"href":"https:\/\/www.portalalerta.com.br\/index.php\/wp-json\/wp\/v2\/tags?post=48796"}],"curies":[{"name":"wp","href":"https:\/\/api.w.org\/{rel}","templated":true}]}}