{"id":48801,"date":"2023-05-02T21:21:21","date_gmt":"2023-05-03T00:21:21","guid":{"rendered":"https:\/\/www.portalalerta.com.br\/?p=48801"},"modified":"2023-05-02T21:21:23","modified_gmt":"2023-05-03T00:21:23","slug":"maioria-do-stf-vota-para-manter-prisao-de-roberto-jefferson","status":"publish","type":"post","link":"https:\/\/www.portalalerta.com.br\/index.php\/2023\/05\/02\/maioria-do-stf-vota-para-manter-prisao-de-roberto-jefferson\/","title":{"rendered":"Maioria do STF vota para manter pris\u00e3o de Roberto Jefferson"},"content":{"rendered":"\n<p><em>Ex-deputado est\u00e1 preso desde outubro do ano passado<\/em><\/p>\n\n\n\n<!--more-->\n\n\n\n<p>O Supremo Tribunal Federal (STF) formou nesta ter\u00e7a-feira (2) maioria de votos para manter a pris\u00e3o do ex-deputado federal Roberto Jefferson.<\/p>\n\n\n\n<p>O ex-parlamentar foi preso em outubro do ano passado ap\u00f3s oferecer resist\u00eancia armada ao cumprimento do mandado de pris\u00e3o decretado pelo ministro Alexandre de Moraes.<\/p>\n\n\n<div class=\"wp-block-image\">\n<figure class=\"alignleft size-large is-resized\"><img fetchpriority=\"high\" decoding=\"async\" src=\"https:\/\/www.portalalerta.com.br\/wp-content\/uploads\/2023\/05\/Real-Dia-das-maes-2023-819x1024.jpg\" alt=\"\" class=\"wp-image-48755\" width=\"402\" height=\"503\"\/><\/figure><\/div>\n\n\n<p>O mandado foi expedido depois que o Jefferson publicou um v\u00eddeo na internet no qual ofendeu a ministra C\u00e1rmen L\u00facia com palavras de baixo cal\u00e3o.<\/p>\n\n\n\n<p>Na ocasi\u00e3o, o ex-deputado deu tiros de fuzil e lan\u00e7ou granadas contra os policiais que foram ao local. Em fun\u00e7\u00e3o do epis\u00f3dio, ele foi indiciado pela Pol\u00edcia Federal por quatro tentativas de homic\u00eddio e virou r\u00e9u.<\/p>\n\n\n\n<p>At\u00e9 o momento, seis ministros se manifestaram pela manuten\u00e7\u00e3o da pris\u00e3o. C\u00e1rmen L\u00facia, alvo dos ataques de Jefferson, n\u00e3o votou e se declarou suspeita para julgar o caso.<\/p>\n\n\n\n<p>Al\u00e9m do relator, Alexandre de Moraes, votaram para manter a pris\u00e3o os ministros Edson Fachin, Dias Toffoli, Gilmar Mendes, Rosa Weber e Lu\u00eds Roberto Barroso.<\/p>\n\n\n\n<p>A vota\u00e7\u00e3o \u00e9 realizada no plen\u00e1rio virtual da Corte, modalidade na qual os ministros inserem os votos no sistema eletr\u00f4nico e n\u00e3o h\u00e1 delibera\u00e7\u00e3o presencial. O julgamento vai at\u00e9 as 23h59.<\/p>\n\n\n\n<p>Ap\u00f3s a pris\u00e3o, a defesa do ex-deputado alegou problemas de sa\u00fade e tentou transferi-lo do pres\u00eddio de Bangu 8, no Rio de Janeiro, para um hospital, mas o pedido foi negado.<\/p>\n\n\n\n<p><em>Fonte: Ag\u00eancia Brasil<\/em><\/p>\n","protected":false},"excerpt":{"rendered":"<p>Ex-deputado est\u00e1 preso desde outubro do ano passado<\/p>\n","protected":false},"author":2,"featured_media":10040,"comment_status":"open","ping_status":"open","sticky":false,"template":"","format":"standard","meta":{"om_disable_all_campaigns":false,"_monsterinsights_skip_tracking":false,"_monsterinsights_sitenote_active":false,"_monsterinsights_sitenote_note":"","_monsterinsights_sitenote_category":0,"footnotes":""},"categories":[34,70,69,21,22],"tags":[100,71,48,75,4178,4180,129,107,4181,132,230,106,203,120,51,174,109,88,47,1526,111,216],"class_list":["post-48801","post","type-post","status-publish","format-standard","has-post-thumbnail","hentry","category-brasil","category-destaques","category-noticias2","category-politica","category-seguranca","tag-adustina","tag-antas","tag-araci","tag-cicero-dantas","tag-cipo-2","tag-crisopolis-2","tag-euclides-da-cunha","tag-fatima","tag-heliopolis-2","tag-itapicuru","tag-jeremoabo","tag-nova-soure","tag-novo-triunfo","tag-olindina","tag-paripiranga","tag-prisao","tag-quijingue","tag-ribeira-do-amparo","tag-ribeira-do-pombal","tag-roberto-jefferson","tag-sitio-do-quinto","tag-stf"],"aioseo_notices":[],"_links":{"self":[{"href":"https:\/\/www.portalalerta.com.br\/index.php\/wp-json\/wp\/v2\/posts\/48801","targetHints":{"allow":["GET"]}}],"collection":[{"href":"https:\/\/www.portalalerta.com.br\/index.php\/wp-json\/wp\/v2\/posts"}],"about":[{"href":"https:\/\/www.portalalerta.com.br\/index.php\/wp-json\/wp\/v2\/types\/post"}],"author":[{"embeddable":true,"href":"https:\/\/www.portalalerta.com.br\/index.php\/wp-json\/wp\/v2\/users\/2"}],"replies":[{"embeddable":true,"href":"https:\/\/www.portalalerta.com.br\/index.php\/wp-json\/wp\/v2\/comments?post=48801"}],"version-history":[{"count":1,"href":"https:\/\/www.portalalerta.com.br\/index.php\/wp-json\/wp\/v2\/posts\/48801\/revisions"}],"predecessor-version":[{"id":48802,"href":"https:\/\/www.portalalerta.com.br\/index.php\/wp-json\/wp\/v2\/posts\/48801\/revisions\/48802"}],"wp:featuredmedia":[{"embeddable":true,"href":"https:\/\/www.portalalerta.com.br\/index.php\/wp-json\/wp\/v2\/media\/10040"}],"wp:attachment":[{"href":"https:\/\/www.portalalerta.com.br\/index.php\/wp-json\/wp\/v2\/media?parent=48801"}],"wp:term":[{"taxonomy":"category","embeddable":true,"href":"https:\/\/www.portalalerta.com.br\/index.php\/wp-json\/wp\/v2\/categories?post=48801"},{"taxonomy":"post_tag","embeddable":true,"href":"https:\/\/www.portalalerta.com.br\/index.php\/wp-json\/wp\/v2\/tags?post=48801"}],"curies":[{"name":"wp","href":"https:\/\/api.w.org\/{rel}","templated":true}]}}