{"id":48811,"date":"2023-05-03T21:39:37","date_gmt":"2023-05-04T00:39:37","guid":{"rendered":"https:\/\/www.portalalerta.com.br\/?p=48811"},"modified":"2023-05-03T21:39:39","modified_gmt":"2023-05-04T00:39:39","slug":"sem-consenso-sobre-o-texto-deputados-adiam-votacao-do-pl-das-fake-news","status":"publish","type":"post","link":"https:\/\/www.portalalerta.com.br\/index.php\/2023\/05\/03\/sem-consenso-sobre-o-texto-deputados-adiam-votacao-do-pl-das-fake-news\/","title":{"rendered":"Sem consenso sobre o texto, deputados adiam vota\u00e7\u00e3o do PL das Fake News"},"content":{"rendered":"\n<p><strong>O presidente da C\u00e2mara retirou a an\u00e1lise da proposta da pauta desta ter\u00e7a-feira, ap\u00f3s o pedido do relator do projeto<\/strong><\/p>\n\n\n\n<!--more-->\n\n\n\n<p>O\u00a0presidente da C\u00e2mara, Arthur Lira (PP-AL), tirou o\u00a0projeto de lei das Fake News\u00a0da pauta desta ter\u00e7a-feira (2) e adiou a vota\u00e7\u00e3o da proposta. A sess\u00e3o que iria analisar o texto come\u00e7ou \u00e0s 18h. Ainda n\u00e3o h\u00e1 nova data para a aprecia\u00e7\u00e3o do PL.\u00a0<\/p>\n\n\n\n<p>O\u00a0pedido de adiamento da vota\u00e7\u00e3o foi feito pelo relator\u00a0do projeto, o deputado Orlando Silva (PCdoB-SP), com o argumento de que \u00e9 preciso mais tempo para chegar a um texto final que \u201cunifique o plen\u00e1rio\u201d da C\u00e2mara.<\/p>\n\n\n<div class=\"wp-block-image\">\n<figure class=\"alignleft size-full is-resized\"><img fetchpriority=\"high\" decoding=\"async\" src=\"https:\/\/www.portalalerta.com.br\/wp-content\/uploads\/2021\/04\/ELAB.jpg\" alt=\"\" class=\"wp-image-34795\" width=\"437\" height=\"349\" srcset=\"https:\/\/www.portalalerta.com.br\/wp-content\/uploads\/2021\/04\/ELAB.jpg 1000w, https:\/\/www.portalalerta.com.br\/wp-content\/uploads\/2021\/04\/ELAB-300x240.jpg 300w, https:\/\/www.portalalerta.com.br\/wp-content\/uploads\/2021\/04\/ELAB-768x614.jpg 768w, https:\/\/www.portalalerta.com.br\/wp-content\/uploads\/2021\/04\/ELAB-183x146.jpg 183w, https:\/\/www.portalalerta.com.br\/wp-content\/uploads\/2021\/04\/ELAB-50x40.jpg 50w, https:\/\/www.portalalerta.com.br\/wp-content\/uploads\/2021\/04\/ELAB-94x75.jpg 94w\" sizes=\"(max-width: 437px) 100vw, 437px\" \/><\/figure><\/div>\n\n\n<p>Orlando Silva disse, ainda, que recebeu diversos pedidos de infus\u00e3o ao parecer apresentado na \u00faltima semana, e seria necess\u00e1rio analisar todas essas pondera\u00e7\u00f5es. <strong><em>\u201cFa\u00e7o um apelo para retirar da pauta de hoje para consolidar a incorpora\u00e7\u00e3o de todas as sugest\u00f5es que foram feitas e produzir o melhor texto poss\u00edvel\u201d,<\/em><\/strong> declarou o relator.<\/p>\n\n\n\n<p>Ap\u00f3s o pedido do deputado, Lira afirmou que pediria a opini\u00e3o dos l\u00edderes das bancadas. &#8220;Colocar ou n\u00e3o [em vota\u00e7\u00e3o] \u00e9 prerrogativa do presidente da Casa. Estou sendo justo com o pa\u00eds, n\u00e3o com radicalismos&#8221;, declarou o presidente da C\u00e2mara.&nbsp;<\/p>\n\n\n\n<p>A base de apoio do governo concordou com a extens\u00e3o do prazo para a an\u00e1lise do projeto. Os partidos de oposi\u00e7\u00e3o insistiram para que o texto fosse votado nesta ter\u00e7a (2), como havia sido acordado anteriormente.<\/p>\n\n\n\n<p>Desde a apresenta\u00e7\u00e3o do parecer do relator, na \u00faltima quinta (27), a proposta recebeu mais de 90 emendas. Por volta das 19h30 desta ter\u00e7a (2), 417 deputados estavam presentes ao plen\u00e1rio da C\u00e2mara.<\/p>\n\n\n\n<p>No come\u00e7o da noite, o&nbsp;<strong>R7<\/strong>&nbsp;averiguou que o PL teria mais de 230 votos favor\u00e1veis, caso a vota\u00e7\u00e3o fosse mantida para esta ter\u00e7a (2). Ou seja, o texto teria condi\u00e7\u00f5es de ser aprovado, j\u00e1 que precisaria da maioria dos parlamentares presentes ao plen\u00e1rio.<\/p>\n\n\n\n<p>Horas antes, ao longo da tarde,\u00a0Lira havia dito que n\u00e3o colocaria o PL para a aprecia\u00e7\u00e3o\u00a0dos deputados caso o n\u00famero de votos para a aprova\u00e7\u00e3o n\u00e3o fosse alcan\u00e7ado. <strong><em>&#8220;N\u00e3o tenho uma reuni\u00e3o [contabiliza\u00e7\u00e3o] de votos, quero conversar com os deputados para ter uma realidade das bancadas. \u00c9 um projeto pol\u00eamico. Se tiver votos suficientes, vota. Se n\u00e3o tiver, meu intuito \u00e9 que n\u00e3o vote.&#8221;<\/em><\/strong><\/p>\n\n\n\n<p>Lira viaja nesta quarta-feira (3) para Nova York, nos Estados Unidos, o que provavelmente levar\u00e1 a proposta a ser recolocada em pauta apenas a partir da pr\u00f3xima semana.<\/p>\n\n\n\n<p>Alguns pontos tornaram a aprova\u00e7\u00e3o incerta, como a\u00a0press\u00e3o contr\u00e1ria das big techs\u00a0e o entrave com a bancada evang\u00e9lica, que denomina o texto como <strong><em>&#8220;problem\u00e1tico&#8221;<\/em><\/strong>. O parecer preliminar do PL 2.630\/2020 foi protocolado na \u00faltima quinta-feira (27) na C\u00e2mara pelo deputado Orlando Silva (PCdoB-SP). O projeto \u00e9 de autoria do senador Alessandro Vieira (PSDB-SE).<\/p>\n\n\n\n<p><strong>Regulamenta\u00e7\u00e3o<\/strong><\/p>\n\n\n\n<p>Aprovado pelo Senado em 2020, o PL das Fake News \u00e9 um primeiro passo na regulamenta\u00e7\u00e3o das redes sociais e plataformas digitais. O texto prev\u00ea regras de uso, gest\u00e3o e puni\u00e7\u00f5es no caso de divulga\u00e7\u00e3o de informa\u00e7\u00f5es falsas.<\/p>\n\n\n\n<p>O projeto estabelece pris\u00e3o de um a tr\u00eas anos e multa a quem promover ou financiar a dissemina\u00e7\u00e3o em massa de mensagens que contenham <strong><em>&#8220;fato que se sabe inver\u00eddico&#8221;<\/em><\/strong> e que possa comprometer a <strong>&#8220;higidez&#8221;<\/strong> do processo eleitoral ou causar dano \u00e0 integridade f\u00edsica de agentes p\u00fablicos. Al\u00e9m disso, as plataformas ter\u00e3o de publicar regularmente relat\u00f3rios semestrais de transpar\u00eancia, com informa\u00e7\u00f5es sobre a modera\u00e7\u00e3o de conte\u00fado falso.<\/p>\n\n\n\n<p><strong>Outros pontos<\/strong><\/p>\n\n\n\n<p>Na proposta, h\u00e1 ainda um cap\u00edtulo espec\u00edfico sobre seguran\u00e7a infantil. O texto obriga as plataformas a estabelecer n\u00edveis de prote\u00e7\u00e3o de dados e impedir o acesso a determinados servi\u00e7os, al\u00e9m de proibir o uso dos dados desse p\u00fablico para a cria\u00e7\u00e3o de conte\u00fados personalizados.<\/p>\n\n\n\n<p>Outro trecho do PL aprovado prev\u00ea a remunera\u00e7\u00e3o do conte\u00fado jornal\u00edstico profissional replicado pelas plataformas digitais, como j\u00e1 ocorre na Austr\u00e1lia.<\/p>\n\n\n\n<p><em>Fonte: R7<\/em><\/p>\n","protected":false},"excerpt":{"rendered":"<p>O presidente da C\u00e2mara retirou a an\u00e1lise da proposta da pauta desta ter\u00e7a-feira, ap\u00f3s o pedido do relator do projeto<\/p>\n","protected":false},"author":2,"featured_media":22215,"comment_status":"open","ping_status":"open","sticky":false,"template":"","format":"standard","meta":{"om_disable_all_campaigns":false,"_monsterinsights_skip_tracking":false,"_monsterinsights_sitenote_active":false,"_monsterinsights_sitenote_note":"","_monsterinsights_sitenote_category":0,"footnotes":""},"categories":[34,70,69,21],"tags":[100,71,48,93,186,75,4178,4180,129,821,107,4181,132,230,106,203,120,51,731,109,88,47,111],"class_list":["post-48811","post","type-post","status-publish","format-standard","has-post-thumbnail","hentry","category-brasil","category-destaques","category-noticias2","category-politica","tag-adustina","tag-antas","tag-araci","tag-brasil","tag-camara-dos-deputados","tag-cicero-dantas","tag-cipo-2","tag-crisopolis-2","tag-euclides-da-cunha","tag-fakenews","tag-fatima","tag-heliopolis-2","tag-itapicuru","tag-jeremoabo","tag-nova-soure","tag-novo-triunfo","tag-olindina","tag-paripiranga","tag-projeto-de-lei","tag-quijingue","tag-ribeira-do-amparo","tag-ribeira-do-pombal","tag-sitio-do-quinto"],"aioseo_notices":[],"_links":{"self":[{"href":"https:\/\/www.portalalerta.com.br\/index.php\/wp-json\/wp\/v2\/posts\/48811","targetHints":{"allow":["GET"]}}],"collection":[{"href":"https:\/\/www.portalalerta.com.br\/index.php\/wp-json\/wp\/v2\/posts"}],"about":[{"href":"https:\/\/www.portalalerta.com.br\/index.php\/wp-json\/wp\/v2\/types\/post"}],"author":[{"embeddable":true,"href":"https:\/\/www.portalalerta.com.br\/index.php\/wp-json\/wp\/v2\/users\/2"}],"replies":[{"embeddable":true,"href":"https:\/\/www.portalalerta.com.br\/index.php\/wp-json\/wp\/v2\/comments?post=48811"}],"version-history":[{"count":1,"href":"https:\/\/www.portalalerta.com.br\/index.php\/wp-json\/wp\/v2\/posts\/48811\/revisions"}],"predecessor-version":[{"id":48812,"href":"https:\/\/www.portalalerta.com.br\/index.php\/wp-json\/wp\/v2\/posts\/48811\/revisions\/48812"}],"wp:featuredmedia":[{"embeddable":true,"href":"https:\/\/www.portalalerta.com.br\/index.php\/wp-json\/wp\/v2\/media\/22215"}],"wp:attachment":[{"href":"https:\/\/www.portalalerta.com.br\/index.php\/wp-json\/wp\/v2\/media?parent=48811"}],"wp:term":[{"taxonomy":"category","embeddable":true,"href":"https:\/\/www.portalalerta.com.br\/index.php\/wp-json\/wp\/v2\/categories?post=48811"},{"taxonomy":"post_tag","embeddable":true,"href":"https:\/\/www.portalalerta.com.br\/index.php\/wp-json\/wp\/v2\/tags?post=48811"}],"curies":[{"name":"wp","href":"https:\/\/api.w.org\/{rel}","templated":true}]}}