{"id":48813,"date":"2023-05-03T22:21:37","date_gmt":"2023-05-04T01:21:37","guid":{"rendered":"https:\/\/www.portalalerta.com.br\/?p=48813"},"modified":"2023-05-03T22:47:30","modified_gmt":"2023-05-04T01:47:30","slug":"assassino-confesso-de-camila-felix-e-preso-em-ribeira-do-pombal-ba","status":"publish","type":"post","link":"https:\/\/www.portalalerta.com.br\/index.php\/2023\/05\/03\/assassino-confesso-de-camila-felix-e-preso-em-ribeira-do-pombal-ba\/","title":{"rendered":"Assassino confesso de Camila F\u00e9lix \u00e9 preso em Ribeira do Pombal-BA"},"content":{"rendered":"\n<p>No final da tarde desta quarta-feira (03), a Pol\u00edcia Civil de Ribeira do Pombal-BA prendeu Marcos Ant\u00f4nio de Jesus Silva, 24 anos, assassino confesso da jovem Camila F\u00e9lix dos Santos, tamb\u00e9m 24 anos.<\/p>\n\n\n\n<!--more-->\n\n\n\n<p>A pris\u00e3o se tornou poss\u00edvel somente ap\u00f3s o Judici\u00e1rio pombalense decretar a pris\u00e3o preventiva do assassino. Antes disso, Marcos Ant\u00f3nio j\u00e1 havia se apresentado \u00e0 autoridade policial na \u00faltima ter\u00e7a-feira, onde prestou depoimento e confessou a autoria do crime, por\u00e9m foi liberado tendo em vista que n\u00e3o existia mais o flagrante, bem como n\u00e3o existia mandado de pris\u00e3o. <strong><a href=\"https:\/\/www.portalalerta.com.br\/index.php\/2023\/05\/02\/caso-camila-assassino-se-entrega-confessa-crime-e-e-liberado-entenda-o-caso\/\">Relembre<\/a><\/strong> &nbsp;<\/p>\n\n\n<div class=\"wp-block-image\">\n<figure class=\"aligncenter size-full\"><img fetchpriority=\"high\" decoding=\"async\" width=\"720\" height=\"400\" src=\"https:\/\/www.portalalerta.com.br\/wp-content\/uploads\/2023\/05\/Marcos-Antonio-de-Jesus-Silva.jpg\" alt=\"\" class=\"wp-image-48804\" srcset=\"https:\/\/www.portalalerta.com.br\/wp-content\/uploads\/2023\/05\/Marcos-Antonio-de-Jesus-Silva.jpg 720w, https:\/\/www.portalalerta.com.br\/wp-content\/uploads\/2023\/05\/Marcos-Antonio-de-Jesus-Silva-432x240.jpg 432w\" sizes=\"(max-width: 720px) 100vw, 720px\" \/><figcaption class=\"wp-element-caption\">Marcos Ant\u00f4nio confessou a autoria do crime<\/figcaption><\/figure><\/div>\n\n\n<p>O crime aconteceu no \u00faltimo domingo (30), ap\u00f3s autor e v\u00edtima deixarem um evento festivo ocorrido na Fazenda Cajazeira, zona rural da cidade. Na ocasi\u00e3o, o criminoso efetuou um disparo de arma de fogo contra a v\u00edtima, a alvejando na cabe\u00e7a. Ainda com os sinais vitais, Camila foi socorrida para o Hospital Geral Santa Tereza, por\u00e9m n\u00e3o resistiu ao ferimento e evoluiu a \u00f3bito. <strong><a href=\"https:\/\/www.portalalerta.com.br\/index.php\/2023\/05\/01\/mulher-e-assassinada-a-tiro-em-ribeira-do-pombal-ba-namorado-e-o-principal-suspeito\/\">Relembre<\/a><\/strong><\/p>\n\n\n\n<figure class=\"wp-block-image size-full\"><img decoding=\"async\" width=\"795\" height=\"600\" src=\"https:\/\/www.portalalerta.com.br\/wp-content\/uploads\/2023\/05\/homicidio-em-Ribeira-do-Pombal-2023.jpg\" alt=\"\" class=\"wp-image-48759\" srcset=\"https:\/\/www.portalalerta.com.br\/wp-content\/uploads\/2023\/05\/homicidio-em-Ribeira-do-Pombal-2023.jpg 795w, https:\/\/www.portalalerta.com.br\/wp-content\/uploads\/2023\/05\/homicidio-em-Ribeira-do-Pombal-2023-318x240.jpg 318w, https:\/\/www.portalalerta.com.br\/wp-content\/uploads\/2023\/05\/homicidio-em-Ribeira-do-Pombal-2023-768x580.jpg 768w\" sizes=\"(max-width: 795px) 100vw, 795px\" \/><figcaption class=\"wp-element-caption\">Camila foi v\u00edtima de homic\u00eddio em Ribeira do Pombal<\/figcaption><\/figure>\n\n\n\n<p>Marcos Ant\u00f4nio dever\u00e1 passar por uma Audi\u00eancia de Cust\u00f3dia nesta quinta-feira (04), e caso a pris\u00e3o preventiva seja mantida, dever\u00e1 ser transferido para o Pres\u00eddio de Paulo Afonso-BA<\/p>\n\n\n\n<p><em>Reda\u00e7\u00e3o: Portal Alerta \u00a0<\/em><\/p>\n\n\n\n<p><em>Capa: R\u00e1dio Gazeta Pombal <\/em><\/p>\n","protected":false},"excerpt":{"rendered":"<p>No final da tarde desta quarta-feira (03), a Pol\u00edcia Civil de Ribeira do Pombal-BA prendeu Marcos Ant\u00f4nio de Jesus Silva, 24 anos, assassino confesso da jovem Camila F\u00e9lix dos Santos, tamb\u00e9m 24 anos.<\/p>\n","protected":false},"author":2,"featured_media":48818,"comment_status":"open","ping_status":"open","sticky":false,"template":"","format":"standard","meta":{"om_disable_all_campaigns":false,"_monsterinsights_skip_tracking":false,"_monsterinsights_sitenote_active":false,"_monsterinsights_sitenote_note":"","_monsterinsights_sitenote_category":0,"footnotes":""},"categories":[70,69,32,3,22],"tags":[100,71,48,75,4178,4180,129,107,4181,206,132,230,488,106,203,120,51,122,77,109,88,47,111,190],"class_list":["post-48813","post","type-post","status-publish","format-standard","has-post-thumbnail","hentry","category-destaques","category-noticias2","category-regiao","category-ribeira-do-pombal","category-seguranca","tag-adustina","tag-antas","tag-araci","tag-cicero-dantas","tag-cipo-2","tag-crisopolis-2","tag-euclides-da-cunha","tag-fatima","tag-heliopolis-2","tag-homicidio","tag-itapicuru","tag-jeremoabo","tag-mandado-de-prisao","tag-nova-soure","tag-novo-triunfo","tag-olindina","tag-paripiranga","tag-policia-civil","tag-preso","tag-quijingue","tag-ribeira-do-amparo","tag-ribeira-do-pombal","tag-sitio-do-quinto","tag-tucano"],"aioseo_notices":[],"_links":{"self":[{"href":"https:\/\/www.portalalerta.com.br\/index.php\/wp-json\/wp\/v2\/posts\/48813","targetHints":{"allow":["GET"]}}],"collection":[{"href":"https:\/\/www.portalalerta.com.br\/index.php\/wp-json\/wp\/v2\/posts"}],"about":[{"href":"https:\/\/www.portalalerta.com.br\/index.php\/wp-json\/wp\/v2\/types\/post"}],"author":[{"embeddable":true,"href":"https:\/\/www.portalalerta.com.br\/index.php\/wp-json\/wp\/v2\/users\/2"}],"replies":[{"embeddable":true,"href":"https:\/\/www.portalalerta.com.br\/index.php\/wp-json\/wp\/v2\/comments?post=48813"}],"version-history":[{"count":3,"href":"https:\/\/www.portalalerta.com.br\/index.php\/wp-json\/wp\/v2\/posts\/48813\/revisions"}],"predecessor-version":[{"id":48821,"href":"https:\/\/www.portalalerta.com.br\/index.php\/wp-json\/wp\/v2\/posts\/48813\/revisions\/48821"}],"wp:featuredmedia":[{"embeddable":true,"href":"https:\/\/www.portalalerta.com.br\/index.php\/wp-json\/wp\/v2\/media\/48818"}],"wp:attachment":[{"href":"https:\/\/www.portalalerta.com.br\/index.php\/wp-json\/wp\/v2\/media?parent=48813"}],"wp:term":[{"taxonomy":"category","embeddable":true,"href":"https:\/\/www.portalalerta.com.br\/index.php\/wp-json\/wp\/v2\/categories?post=48813"},{"taxonomy":"post_tag","embeddable":true,"href":"https:\/\/www.portalalerta.com.br\/index.php\/wp-json\/wp\/v2\/tags?post=48813"}],"curies":[{"name":"wp","href":"https:\/\/api.w.org\/{rel}","templated":true}]}}