{"id":48815,"date":"2023-05-03T22:32:10","date_gmt":"2023-05-04T01:32:10","guid":{"rendered":"https:\/\/www.portalalerta.com.br\/?p=48815"},"modified":"2023-05-03T22:32:11","modified_gmt":"2023-05-04T01:32:11","slug":"pgr-diz-que-ex-ajudante-de-ordens-de-jair-bolsonaro-arquitetou-fraude-em-cartoes-de-vacina","status":"publish","type":"post","link":"https:\/\/www.portalalerta.com.br\/index.php\/2023\/05\/03\/pgr-diz-que-ex-ajudante-de-ordens-de-jair-bolsonaro-arquitetou-fraude-em-cartoes-de-vacina\/","title":{"rendered":"PGR diz que ex-ajudante de ordens de Jair Bolsonaro arquitetou fraude em cart\u00f5es de vacina"},"content":{"rendered":"\n<p>A Procuradoria-Geral da Rep\u00fablica (PGR) afirmou ao\u00a0Supremo Tribunal Federal (STF)\u00a0que, ao contr\u00e1rio do que a Pol\u00edcia Federal alegou, o ex-ajudante de ordens de Jair Bolsonaro (PL)\u00a0Mauro Cid\u00a0teria <strong><em>&#8220;arquitetado e capitaneado toda a a\u00e7\u00e3o criminosa, \u00e0 revelia, sem o conhecimento e sem a anu\u00eancia do ex-presidente&#8221;<\/em><\/strong>.<\/p>\n\n\n\n<!--more-->\n\n\n\n<p><strong><em>&#8220;N\u00e3o h\u00e1 lastro indici\u00e1rio m\u00ednimo para sustentar o envolvimento do ex-presidente da Rep\u00fablica Jair Messias Bolsonaro com os atos execut\u00f3rios de inser\u00e7\u00e3o de dados falsos referentes \u00e0 vacina\u00e7\u00e3o nos sistemas do Minist\u00e9rio da Sa\u00fade e com o poss\u00edvel uso de documentos ideologicamente falsos&#8221;<\/em><\/strong>, disse a PGR.<\/p>\n\n\n<div class=\"wp-block-image\">\n<figure class=\"alignleft size-large is-resized\"><img fetchpriority=\"high\" decoding=\"async\" src=\"https:\/\/www.portalalerta.com.br\/wp-content\/uploads\/2023\/05\/Real-Dia-das-maes-2023-819x1024.jpg\" alt=\"\" class=\"wp-image-48755\" width=\"397\" height=\"496\"\/><\/figure><\/div>\n\n\n<p>O ministro do STF Alexandre de Moraes, que autorizou a opera\u00e7\u00e3o, discorda da PGR. <strong><em>&#8220;Diante do exposto e do not\u00f3rio posicionamento p\u00fablico de Jair Messias Bolsonaro contra a vacina\u00e7\u00e3o, objeto da CPI da Pandemia e de investiga\u00e7\u00f5es nesta Suprema Corte, \u00e9 plaus\u00edvel, l\u00f3gica e robusta a linha investigativa sobre a possibilidade de o ex-presidente da Rep\u00fablica, de maneira velada e mediante inser\u00e7\u00e3o de dados falsos nos sistemas do SUS, buscar para si e para terceiros eventuais vantagens advindas da efetiva imuniza\u00e7\u00e3o, especialmente considerado o fato de n\u00e3o ter conseguido a reelei\u00e7\u00e3o nas elei\u00e7\u00f5es de 2022&#8221;<\/em><\/strong>, disse.<\/p>\n\n\n\n<p>Mais cedo, Bolsonaro foi alvo de opera\u00e7\u00e3o da PF para investigar a atua\u00e7\u00e3o de uma associa\u00e7\u00e3o criminosa que inseria dados falsos de vacina\u00e7\u00e3o no sistema do Minist\u00e9rio da Sa\u00fade. Em entrevista, o ex-presidente disse que n\u00e3o tem d\u00favida de que a a\u00e7\u00e3o da qual foi alvo tinha a inten\u00e7\u00e3o de <strong><em>&#8220;esculach\u00e1-lo&#8221;<\/em><\/strong>.<br><br>Segundo a PGR, n\u00e3o h\u00e1 provas m\u00ednimas para sustentar o envolvimento do ex-presidente nos atos. <strong><em>&#8220;A despeito da emiss\u00e3o de certificados de vacina\u00e7\u00e3o contra a Covid-19 por meio do aplicativo ConecteSUS, n\u00e3o h\u00e1, no arcabou\u00e7o informativo, nenhum indicativo de que, de fato, Jair Bolsonaro orientou-se e atuou em benef\u00edcio pr\u00f3prio ou de sua filha,&nbsp;em rela\u00e7\u00e3o a fatos e situa\u00e7\u00f5es que necessitavam dos referidos comprovantes de vacina\u00e7\u00e3o&#8221;<\/em><\/strong>, disse.&nbsp;<\/p>\n\n\n\n<p><strong>Entenda a Opera\u00e7\u00e3o Venire<\/strong><\/p>\n\n\n\n<p>A Pol\u00edcia Federal cumpriu nesta quarta-feira (3) 16 mandados de busca e apreens\u00e3o e seis mandados de pris\u00e3o preventiva na Opera\u00e7\u00e3o Venire, que investiga a inser\u00e7\u00e3o de dados falsos de vacina\u00e7\u00e3o contra a Covid-19 no sistema ConecteSUS, do Minist\u00e9rio da Sa\u00fade. Entre os beneficiados ilegalmente estariam o ex-presidente Jair Bolsonaro (PL) e a filha dele, Laura Bolsonaro.<\/p>\n\n\n\n<p>Os policiais cumpriram mandados de busca e apreens\u00e3o, inclusive, na casa de Jair e Michelle Bolsonaro. O celular do ex-presidente foi apreendido.<\/p>\n\n\n\n<p>Foram presos os ex-ajudantes de ordens de Bolsonaro Mauro Cid e Luis Marcos dos Reis; Max Guilherme de Moura e Sergio Cordeiro, seguran\u00e7as do ex-presidente; Ailton Moraes Barros, candidato a deputado estadual pelo PL no Rio de Janeiro em 2022; e Jo\u00e3o Carlos de Souza Brecha, secret\u00e1rio da Prefeitura de Duque de Caxias (RJ).<\/p>\n\n\n\n<p>De acordo com a Pol\u00edcia Federal, as inser\u00e7\u00f5es falsas foram feitas entre novembro de 2021 e dezembro de 2022. O crime teria sido praticado para burlar restri\u00e7\u00f5es sanit\u00e1rias e viajar para pa\u00edses como os Estados Unidos, que exigiam vacina\u00e7\u00e3o na \u00e9poca para entrar no pa\u00eds. As informa\u00e7\u00f5es foram exclu\u00eddas posteriormente.<\/p>\n\n\n\n<p><strong><em>&#8220;A apura\u00e7\u00e3o mostra que o objetivo do grupo seria manter coeso o elemento identit\u00e1rio em rela\u00e7\u00e3o a suas pautas ideol\u00f3gicas&nbsp;\u2014 no caso, sustentar o discurso voltado aos ataques \u00e0 vacina\u00e7\u00e3o contra a Covid-19&#8221;<\/em><\/strong>, afirma a corpora\u00e7\u00e3o.<\/p>\n\n\n\n<p>Os envolvidos s\u00e3o investigados por crimes de infra\u00e7\u00e3o de medida sanit\u00e1ria preventiva, associa\u00e7\u00e3o criminosa, inser\u00e7\u00e3o de dados falsos em sistemas de informa\u00e7\u00e3o e corrup\u00e7\u00e3o de menores. As a\u00e7\u00f5es ocorrem dentro do inqu\u00e9rito policial que investiga as chamadas <strong><em>&#8220;mil\u00edcias digitais&#8221;<\/em><\/strong>, supostas organiza\u00e7\u00f5es de difus\u00e3o de informa\u00e7\u00f5es falsas na internet com objetivo de influenciar resultados eleitorais e atentar contra a democracia.<\/p>\n\n\n\n<p>O nome da opera\u00e7\u00e3o deriva do princ\u00edpio jur\u00eddico &#8220;venire contra factum proprium&#8221;, que significa <strong><em>&#8220;ningu\u00e9m pode comportar-se contra os pr\u00f3prios atos&#8221;<\/em><\/strong>. De acordo com nota da Pol\u00edcia Federal, <strong><em>&#8220;\u00e9 um princ\u00edpio-base do direito civil e do direito internacional, que veda comportamentos contradit\u00f3rios de uma pessoa&#8221;.<\/em><\/strong><\/p>\n\n\n\n<p>O ex-presidente afirmou que n\u00e3o existe adultera\u00e7\u00e3o por parte dele no documento de vacina\u00e7\u00e3o e reafirmou n\u00e3o ter tomado o imunizante por <strong><em>&#8220;decis\u00e3o pessoal&#8221;<\/em><\/strong>. <strong><em>&#8220;Fico surpreso com a busca e apreens\u00e3o por esse motivo&#8221;<\/em><\/strong>, completou.<\/p>\n\n\n\n<p><em>Fonte: R7<\/em><\/p>\n","protected":false},"excerpt":{"rendered":"<p>A Procuradoria-Geral da Rep\u00fablica (PGR) afirmou ao\u00a0Supremo Tribunal Federal (STF)\u00a0que, ao contr\u00e1rio do que a Pol\u00edcia Federal alegou, o ex-ajudante de ordens de Jair Bolsonaro (PL)\u00a0Mauro Cid\u00a0teria &#8220;arquitetado e capitaneado toda a a\u00e7\u00e3o criminosa, \u00e0 revelia, sem o conhecimento e sem a anu\u00eancia do ex-presidente&#8221;.<\/p>\n","protected":false},"author":2,"featured_media":48816,"comment_status":"open","ping_status":"open","sticky":false,"template":"","format":"standard","meta":{"om_disable_all_campaigns":false,"_monsterinsights_skip_tracking":false,"_monsterinsights_sitenote_active":false,"_monsterinsights_sitenote_note":"","_monsterinsights_sitenote_category":0,"footnotes":""},"categories":[34,70,69,21],"tags":[100,71,48,93,75,4178,4180,129,107,4181,132,1395,230,6016,106,203,120,6067,51,173,109,88,47,111],"class_list":["post-48815","post","type-post","status-publish","format-standard","has-post-thumbnail","hentry","category-brasil","category-destaques","category-noticias2","category-politica","tag-adustina","tag-antas","tag-araci","tag-brasil","tag-cicero-dantas","tag-cipo-2","tag-crisopolis-2","tag-euclides-da-cunha","tag-fatima","tag-heliopolis-2","tag-itapicuru","tag-jair-bolsonaro","tag-jeremoabo","tag-mauro-cid","tag-nova-soure","tag-novo-triunfo","tag-olindina","tag-operacao-venire","tag-paripiranga","tag-policia-federal","tag-quijingue","tag-ribeira-do-amparo","tag-ribeira-do-pombal","tag-sitio-do-quinto"],"aioseo_notices":[],"_links":{"self":[{"href":"https:\/\/www.portalalerta.com.br\/index.php\/wp-json\/wp\/v2\/posts\/48815","targetHints":{"allow":["GET"]}}],"collection":[{"href":"https:\/\/www.portalalerta.com.br\/index.php\/wp-json\/wp\/v2\/posts"}],"about":[{"href":"https:\/\/www.portalalerta.com.br\/index.php\/wp-json\/wp\/v2\/types\/post"}],"author":[{"embeddable":true,"href":"https:\/\/www.portalalerta.com.br\/index.php\/wp-json\/wp\/v2\/users\/2"}],"replies":[{"embeddable":true,"href":"https:\/\/www.portalalerta.com.br\/index.php\/wp-json\/wp\/v2\/comments?post=48815"}],"version-history":[{"count":1,"href":"https:\/\/www.portalalerta.com.br\/index.php\/wp-json\/wp\/v2\/posts\/48815\/revisions"}],"predecessor-version":[{"id":48817,"href":"https:\/\/www.portalalerta.com.br\/index.php\/wp-json\/wp\/v2\/posts\/48815\/revisions\/48817"}],"wp:featuredmedia":[{"embeddable":true,"href":"https:\/\/www.portalalerta.com.br\/index.php\/wp-json\/wp\/v2\/media\/48816"}],"wp:attachment":[{"href":"https:\/\/www.portalalerta.com.br\/index.php\/wp-json\/wp\/v2\/media?parent=48815"}],"wp:term":[{"taxonomy":"category","embeddable":true,"href":"https:\/\/www.portalalerta.com.br\/index.php\/wp-json\/wp\/v2\/categories?post=48815"},{"taxonomy":"post_tag","embeddable":true,"href":"https:\/\/www.portalalerta.com.br\/index.php\/wp-json\/wp\/v2\/tags?post=48815"}],"curies":[{"name":"wp","href":"https:\/\/api.w.org\/{rel}","templated":true}]}}