{"id":4882,"date":"2018-02-21T13:41:14","date_gmt":"2018-02-21T16:41:14","guid":{"rendered":"http:\/\/www.portalalerta.com.br\/?p=4882"},"modified":"2018-02-21T13:41:14","modified_gmt":"2018-02-21T16:41:14","slug":"garota-que-estava-desaparecida-e-encontrada-morta-policia-suspeita-de-estupro","status":"publish","type":"post","link":"https:\/\/www.portalalerta.com.br\/index.php\/2018\/02\/21\/garota-que-estava-desaparecida-e-encontrada-morta-policia-suspeita-de-estupro\/","title":{"rendered":"Garota que estava desaparecida \u00e9 encontrada morta; pol\u00edcia suspeita de estupro"},"content":{"rendered":"<p style=\"text-align: justify;\">De acordo com a delegada, o corpo estava em estado avan\u00e7ado de putrefa\u00e7\u00e3o indicando que, provavelmente, j\u00e1 tem alguns dias que a jovem foi morta. O corpo foi encontrado desnudo, vestindo apenas calcinha e t\u00eanis.<!--more--><\/p>\n<p style=\"text-align: justify;\">Um corpo foi encontrado na manh\u00e3 desta quarta-feira (21) dentro de um saco pl\u00e1stico na Avenida Eduardo Fr\u00f3es da Mota, bairro Jardim Cruzeiro, em Feira de Santana. As pol\u00edcias militar, rodovi\u00e1ria e civil estiveram no local e a delegada Ludmila Vilas Boas confirmou que o corpo \u00e9 da adolescente Bruna Santana Mendes, de 16 anos, moradora do munic\u00edpio de Serra Preta que estava desaparecida desde a tarde de domingo (18) em Feira de Santana.<\/p>\n<figure id=\"attachment_4883\" aria-describedby=\"caption-attachment-4883\" style=\"width: 500px\" class=\"wp-caption aligncenter\"><img fetchpriority=\"high\" decoding=\"async\" class=\"wp-image-4883 size-full\" src=\"http:\/\/www.portalalerta.com.br\/wp-content\/uploads\/2018\/02\/Ludmila-Vilas-Boas.jpg\" alt=\"\" width=\"500\" height=\"350\" srcset=\"https:\/\/www.portalalerta.com.br\/wp-content\/uploads\/2018\/02\/Ludmila-Vilas-Boas.jpg 500w, https:\/\/www.portalalerta.com.br\/wp-content\/uploads\/2018\/02\/Ludmila-Vilas-Boas-343x240.jpg 343w, https:\/\/www.portalalerta.com.br\/wp-content\/uploads\/2018\/02\/Ludmila-Vilas-Boas-209x146.jpg 209w, https:\/\/www.portalalerta.com.br\/wp-content\/uploads\/2018\/02\/Ludmila-Vilas-Boas-50x35.jpg 50w, https:\/\/www.portalalerta.com.br\/wp-content\/uploads\/2018\/02\/Ludmila-Vilas-Boas-107x75.jpg 107w\" sizes=\"(max-width: 500px) 100vw, 500px\" \/><figcaption id=\"caption-attachment-4883\" class=\"wp-caption-text\">Delegada\u00a0Ludmila Vilas Boas<\/figcaption><\/figure>\n<p style=\"text-align: justify;\">De acordo com a delegada, o corpo estava em estado avan\u00e7ado de putrefa\u00e7\u00e3o indicando que, provavelmente, j\u00e1 tem alguns dias que a jovem foi morta. O corpo foi encontrado desnudo, vestindo apenas calcinha e t\u00eanis, o que, conforme a pol\u00edcia, indica que houve crime sexual antes da morte. A bolsa da jovem foi encontrada pr\u00f3ximo ao corpo.<\/p>\n<blockquote>\n<p style=\"text-align: justify;\"><img decoding=\"async\" class=\"size-thumbnail wp-image-4869 aligncenter\" src=\"http:\/\/www.portalalerta.com.br\/wp-content\/uploads\/2018\/02\/Auto-Escola-Nobre-720x181.jpg\" alt=\"\" width=\"720\" height=\"181\" srcset=\"https:\/\/www.portalalerta.com.br\/wp-content\/uploads\/2018\/02\/Auto-Escola-Nobre.jpg 720w, https:\/\/www.portalalerta.com.br\/wp-content\/uploads\/2018\/02\/Auto-Escola-Nobre-260x65.jpg 260w, https:\/\/www.portalalerta.com.br\/wp-content\/uploads\/2018\/02\/Auto-Escola-Nobre-50x13.jpg 50w, https:\/\/www.portalalerta.com.br\/wp-content\/uploads\/2018\/02\/Auto-Escola-Nobre-150x38.jpg 150w\" sizes=\"(max-width: 720px) 100vw, 720px\" \/>\u201cInforma\u00e7\u00f5es preliminares d\u00e3o conta que desde domingo esse saco estava no local e pelo forte odor chamaram a pol\u00edcia. Existe a caracter\u00edstica de crime sexual anterior ao \u00f3bito e todas as pessoas que tinham conhecimento e envolvimento ser\u00e3o chamadas para prestar depoimento. Estamos com a investiga\u00e7\u00e3o adiantada e a equipe do Setor de Investiga\u00e7\u00e3o da 2\u00aa Delegacia e da Delegacia de Homic\u00eddios est\u00e3o no local do crime\u201d, informou.<\/p>\n<\/blockquote>\n<figure id=\"attachment_4884\" aria-describedby=\"caption-attachment-4884\" style=\"width: 500px\" class=\"wp-caption aligncenter\"><img decoding=\"async\" class=\"wp-image-4884 size-full\" src=\"http:\/\/www.portalalerta.com.br\/wp-content\/uploads\/2018\/02\/Homicidio-em-Feira-de-Santana-2018.1.jpg\" alt=\"\" width=\"500\" height=\"350\" srcset=\"https:\/\/www.portalalerta.com.br\/wp-content\/uploads\/2018\/02\/Homicidio-em-Feira-de-Santana-2018.1.jpg 500w, https:\/\/www.portalalerta.com.br\/wp-content\/uploads\/2018\/02\/Homicidio-em-Feira-de-Santana-2018.1-343x240.jpg 343w, https:\/\/www.portalalerta.com.br\/wp-content\/uploads\/2018\/02\/Homicidio-em-Feira-de-Santana-2018.1-209x146.jpg 209w, https:\/\/www.portalalerta.com.br\/wp-content\/uploads\/2018\/02\/Homicidio-em-Feira-de-Santana-2018.1-50x35.jpg 50w, https:\/\/www.portalalerta.com.br\/wp-content\/uploads\/2018\/02\/Homicidio-em-Feira-de-Santana-2018.1-107x75.jpg 107w\" sizes=\"(max-width: 500px) 100vw, 500px\" \/><figcaption id=\"caption-attachment-4884\" class=\"wp-caption-text\">Bolsa da jovem foi encontrada pr\u00f3ximo ao corpo<\/figcaption><\/figure>\n<figure id=\"attachment_4885\" aria-describedby=\"caption-attachment-4885\" style=\"width: 500px\" class=\"wp-caption aligncenter\"><img loading=\"lazy\" decoding=\"async\" class=\"wp-image-4885 size-full\" src=\"http:\/\/www.portalalerta.com.br\/wp-content\/uploads\/2018\/02\/Homicidio-em-Feira-de-Santana-2018.2.jpg\" alt=\"\" width=\"500\" height=\"350\" srcset=\"https:\/\/www.portalalerta.com.br\/wp-content\/uploads\/2018\/02\/Homicidio-em-Feira-de-Santana-2018.2.jpg 500w, https:\/\/www.portalalerta.com.br\/wp-content\/uploads\/2018\/02\/Homicidio-em-Feira-de-Santana-2018.2-343x240.jpg 343w, https:\/\/www.portalalerta.com.br\/wp-content\/uploads\/2018\/02\/Homicidio-em-Feira-de-Santana-2018.2-209x146.jpg 209w, https:\/\/www.portalalerta.com.br\/wp-content\/uploads\/2018\/02\/Homicidio-em-Feira-de-Santana-2018.2-50x35.jpg 50w, https:\/\/www.portalalerta.com.br\/wp-content\/uploads\/2018\/02\/Homicidio-em-Feira-de-Santana-2018.2-107x75.jpg 107w\" sizes=\"(max-width: 500px) 100vw, 500px\" \/><figcaption id=\"caption-attachment-4885\" class=\"wp-caption-text\">Foto: Ed Santos\/Acorda Cidade<\/figcaption><\/figure>\n<p style=\"text-align: justify;\"><strong>Desaparecimento<\/strong><\/p>\n<p style=\"text-align: justify;\">Bruna Santana Mendes estava hospedada na casa de parentes na Rua Porto Seguro, bairro Jardim Cruzeiro, e foi vista pela \u00faltima vez no Boulevard Shopping. Bruna estava vestindo blusa branca de manga comprida, saia rosa e cal\u00e7ando t\u00eanis.<\/p>\n<p style=\"text-align: justify;\">Segundo familiares, um primo levou a garota ao cinema para ela se encontrar com outro adolescente e ao retornar para busc\u00e1-la n\u00e3o conseguiu encontr\u00e1-la. O rapaz que estava com Bruna informou que ao se desencontrar com o primo, ela pegou um motoboy e retornou para casa.<\/p>\n<p style=\"text-align: justify;\">Em entrevista ao Acorda Cidade, o primo dela, Ralf Mendes Pires, disse que o motoboy, identificado como Pity, afirmou que deixou a garota na porta da casa do parente. No entanto, ningu\u00e9m da vizinhan\u00e7a viu a jovem chegar.<\/p>\n<p style=\"text-align: justify;\"><em>Fonte: Acorda Cidade <\/em><\/p>\n","protected":false},"excerpt":{"rendered":"<p>De acordo com a delegada, o corpo estava em estado avan\u00e7ado de putrefa\u00e7\u00e3o indicando que, provavelmente, j\u00e1 tem alguns dias que a jovem foi morta. O corpo foi encontrado desnudo, vestindo apenas calcinha e t\u00eanis.<\/p>\n","protected":false},"author":2,"featured_media":4886,"comment_status":"closed","ping_status":"open","sticky":false,"template":"","format":"standard","meta":{"om_disable_all_campaigns":false,"_monsterinsights_skip_tracking":false,"_monsterinsights_sitenote_active":false,"_monsterinsights_sitenote_note":"","_monsterinsights_sitenote_category":0,"footnotes":""},"categories":[33,70,69,22],"tags":[626,56,377,206,122],"class_list":["post-4882","post","type-post","status-publish","format-standard","has-post-thumbnail","hentry","category-bahia","category-destaques","category-noticias2","category-seguranca","tag-desaparecidos","tag-estupro","tag-feira-de-santana","tag-homicidio","tag-policia-civil"],"aioseo_notices":[],"_links":{"self":[{"href":"https:\/\/www.portalalerta.com.br\/index.php\/wp-json\/wp\/v2\/posts\/4882","targetHints":{"allow":["GET"]}}],"collection":[{"href":"https:\/\/www.portalalerta.com.br\/index.php\/wp-json\/wp\/v2\/posts"}],"about":[{"href":"https:\/\/www.portalalerta.com.br\/index.php\/wp-json\/wp\/v2\/types\/post"}],"author":[{"embeddable":true,"href":"https:\/\/www.portalalerta.com.br\/index.php\/wp-json\/wp\/v2\/users\/2"}],"replies":[{"embeddable":true,"href":"https:\/\/www.portalalerta.com.br\/index.php\/wp-json\/wp\/v2\/comments?post=4882"}],"version-history":[{"count":0,"href":"https:\/\/www.portalalerta.com.br\/index.php\/wp-json\/wp\/v2\/posts\/4882\/revisions"}],"wp:featuredmedia":[{"embeddable":true,"href":"https:\/\/www.portalalerta.com.br\/index.php\/wp-json\/wp\/v2\/media\/4886"}],"wp:attachment":[{"href":"https:\/\/www.portalalerta.com.br\/index.php\/wp-json\/wp\/v2\/media?parent=4882"}],"wp:term":[{"taxonomy":"category","embeddable":true,"href":"https:\/\/www.portalalerta.com.br\/index.php\/wp-json\/wp\/v2\/categories?post=4882"},{"taxonomy":"post_tag","embeddable":true,"href":"https:\/\/www.portalalerta.com.br\/index.php\/wp-json\/wp\/v2\/tags?post=4882"}],"curies":[{"name":"wp","href":"https:\/\/api.w.org\/{rel}","templated":true}]}}