{"id":48822,"date":"2023-05-04T23:43:04","date_gmt":"2023-05-05T02:43:04","guid":{"rendered":"https:\/\/www.portalalerta.com.br\/?p=48822"},"modified":"2023-05-04T23:43:05","modified_gmt":"2023-05-05T02:43:05","slug":"aposentados-e-pensionistas-do-inss-terao-13o-salario-antecipado","status":"publish","type":"post","link":"https:\/\/www.portalalerta.com.br\/index.php\/2023\/05\/04\/aposentados-e-pensionistas-do-inss-terao-13o-salario-antecipado\/","title":{"rendered":"Aposentados e pensionistas do INSS ter\u00e3o 13\u00ba sal\u00e1rio antecipado"},"content":{"rendered":"\n<p><strong>O pagamento ser\u00e1 em duas parcelas, em maio e junho, de acordo com o calend\u00e1rio do INSS; o investimento \u00e9 de R$ 62,6 bilh\u00f5es&nbsp;<\/strong><\/p>\n\n\n\n<!--more-->\n\n\n\n<p>O governo federal vai antecipar o 13\u00ba\u00a0sal\u00e1rio de aposentados e pensionistas do\u00a0INSS (Instituto Nacional do Seguro Social). O presidente Luiz In\u00e1cio Lula da Silva assinou nesta quinta-feira (4) um decreto que adianta o abono dos benefici\u00e1rios da Previd\u00eancia Social. Ao todo, 30 milh\u00f5es de pessoas v\u00e3o receber o repasse em duas parcelas, em maio e junho, de acordo com o calend\u00e1rio de pagamentos do INSS. O investimento total \u00e9 de R$ 62,6 bilh\u00f5es.<\/p>\n\n\n<div class=\"wp-block-image\">\n<figure class=\"alignleft size-full is-resized\"><img fetchpriority=\"high\" decoding=\"async\" src=\"https:\/\/www.portalalerta.com.br\/wp-content\/uploads\/2021\/04\/ELAB.jpg\" alt=\"\" class=\"wp-image-34795\" width=\"399\" height=\"318\" srcset=\"https:\/\/www.portalalerta.com.br\/wp-content\/uploads\/2021\/04\/ELAB.jpg 1000w, https:\/\/www.portalalerta.com.br\/wp-content\/uploads\/2021\/04\/ELAB-300x240.jpg 300w, https:\/\/www.portalalerta.com.br\/wp-content\/uploads\/2021\/04\/ELAB-768x614.jpg 768w, https:\/\/www.portalalerta.com.br\/wp-content\/uploads\/2021\/04\/ELAB-183x146.jpg 183w, https:\/\/www.portalalerta.com.br\/wp-content\/uploads\/2021\/04\/ELAB-50x40.jpg 50w, https:\/\/www.portalalerta.com.br\/wp-content\/uploads\/2021\/04\/ELAB-94x75.jpg 94w\" sizes=\"(max-width: 399px) 100vw, 399px\" \/><\/figure><\/div>\n\n\n<p>A\u00a0antecipa\u00e7\u00e3o ocorreu nos \u00faltimos tr\u00eas anos, para aliviar os impactos da pandemia de Covid-19.\u00a0O abono \u00e9 normalmente pago no segundo semestre de cada ano, em agosto e novembro.<\/p>\n\n\n\n<p>T\u00eam direito ao benef\u00edcio os segurados e dependentes da Previd\u00eancia Social que, durante o ano de 2023, tenham recebido aux\u00edlio por incapacidade tempor\u00e1ria, aux\u00edlio-acidente, aposentadoria, pens\u00e3o por morte ou aux\u00edlio-reclus\u00e3o. A oficializa\u00e7\u00e3o da medida ser\u00e1 publicada no Di\u00e1rio Oficial da Uni\u00e3o desta sexta-feira (5).<\/p>\n\n\n\n<p>Por lei, n\u00e3o t\u00eam direito aqueles que recebem benef\u00edcios assistenciais. Por isso, o n\u00famero de benef\u00edcios com o 13\u00ba sal\u00e1rio \u00e9 menor que o n\u00famero total de benef\u00edcios pagos pelo INSS.<\/p>\n\n\n\n<p>O piso nacional atual de R$ 1.320 \u00e9 o valor m\u00ednimo para aposentadorias, pens\u00f5es por morte e aux\u00edlios-doen\u00e7a em 2023. J\u00e1 o teto do INSS, que estabelece o valor m\u00e1ximo de qualquer benef\u00edcio pago pelo instituto, \u00e9 de R$ 7.507,49.<\/p>\n\n\n\n<p>A antecipa\u00e7\u00e3o do benef\u00edcio alcan\u00e7a todos os estados brasileiros e representa uma inje\u00e7\u00e3o de recursos nos mercados locais.<\/p>\n\n\n\n<p>S\u00e3o Paulo \u00e9 o estado que receber\u00e1 o maior repasse para pagamento do abono anual, levando em conta os dois meses de pagamento. Ser\u00e3o R$ 17,7 bilh\u00f5es em recursos. Na sequ\u00eancia aparece Minas Gerais, com R$ 6,9 bilh\u00f5es em repasses, seguido por Rio de Janeiro (R$ 6 bilh\u00f5es), Rio Grande do Sul (R$ 5 bilh\u00f5es), Paran\u00e1 (R$ 3,67 bilh\u00f5es) e Bahia (R$ 3,6 bilh\u00f5es).<\/p>\n\n\n\n<p><em>Fonte: R7<\/em><\/p>\n","protected":false},"excerpt":{"rendered":"<p>O pagamento ser\u00e1 em duas parcelas, em maio e junho, de acordo com o calend\u00e1rio do INSS; o investimento \u00e9 de R$ 62,6 bilh\u00f5es&nbsp;<\/p>\n","protected":false},"author":2,"featured_media":40394,"comment_status":"open","ping_status":"open","sticky":false,"template":"","format":"standard","meta":{"om_disable_all_campaigns":false,"_monsterinsights_skip_tracking":false,"_monsterinsights_sitenote_active":false,"_monsterinsights_sitenote_note":"","_monsterinsights_sitenote_category":0,"footnotes":""},"categories":[34,70,69],"tags":[446,100,71,1360,48,93,75,4178,4180,129,107,4181,1963,132,230,106,203,120,51,1361,109,88,47,111],"class_list":["post-48822","post","type-post","status-publish","format-standard","has-post-thumbnail","hentry","category-brasil","category-destaques","category-noticias2","tag-13o-salario","tag-adustina","tag-antas","tag-aposentados","tag-araci","tag-brasil","tag-cicero-dantas","tag-cipo-2","tag-crisopolis-2","tag-euclides-da-cunha","tag-fatima","tag-heliopolis-2","tag-inss","tag-itapicuru","tag-jeremoabo","tag-nova-soure","tag-novo-triunfo","tag-olindina","tag-paripiranga","tag-pensionistas","tag-quijingue","tag-ribeira-do-amparo","tag-ribeira-do-pombal","tag-sitio-do-quinto"],"aioseo_notices":[],"_links":{"self":[{"href":"https:\/\/www.portalalerta.com.br\/index.php\/wp-json\/wp\/v2\/posts\/48822","targetHints":{"allow":["GET"]}}],"collection":[{"href":"https:\/\/www.portalalerta.com.br\/index.php\/wp-json\/wp\/v2\/posts"}],"about":[{"href":"https:\/\/www.portalalerta.com.br\/index.php\/wp-json\/wp\/v2\/types\/post"}],"author":[{"embeddable":true,"href":"https:\/\/www.portalalerta.com.br\/index.php\/wp-json\/wp\/v2\/users\/2"}],"replies":[{"embeddable":true,"href":"https:\/\/www.portalalerta.com.br\/index.php\/wp-json\/wp\/v2\/comments?post=48822"}],"version-history":[{"count":1,"href":"https:\/\/www.portalalerta.com.br\/index.php\/wp-json\/wp\/v2\/posts\/48822\/revisions"}],"predecessor-version":[{"id":48823,"href":"https:\/\/www.portalalerta.com.br\/index.php\/wp-json\/wp\/v2\/posts\/48822\/revisions\/48823"}],"wp:featuredmedia":[{"embeddable":true,"href":"https:\/\/www.portalalerta.com.br\/index.php\/wp-json\/wp\/v2\/media\/40394"}],"wp:attachment":[{"href":"https:\/\/www.portalalerta.com.br\/index.php\/wp-json\/wp\/v2\/media?parent=48822"}],"wp:term":[{"taxonomy":"category","embeddable":true,"href":"https:\/\/www.portalalerta.com.br\/index.php\/wp-json\/wp\/v2\/categories?post=48822"},{"taxonomy":"post_tag","embeddable":true,"href":"https:\/\/www.portalalerta.com.br\/index.php\/wp-json\/wp\/v2\/tags?post=48822"}],"curies":[{"name":"wp","href":"https:\/\/api.w.org\/{rel}","templated":true}]}}