{"id":4891,"date":"2018-02-21T13:59:27","date_gmt":"2018-02-21T16:59:27","guid":{"rendered":"http:\/\/www.portalalerta.com.br\/?p=4891"},"modified":"2018-02-21T13:59:27","modified_gmt":"2018-02-21T16:59:27","slug":"homem-e-morto-a-tiros-em-posto-de-combustiveis-na-zona-rural-de-araci-ba","status":"publish","type":"post","link":"https:\/\/www.portalalerta.com.br\/index.php\/2018\/02\/21\/homem-e-morto-a-tiros-em-posto-de-combustiveis-na-zona-rural-de-araci-ba\/","title":{"rendered":"Homem \u00e9 morto a tiros em posto de combust\u00edveis na zona rural de Araci-BA"},"content":{"rendered":"<p style=\"text-align: justify;\">Um homem de 32 anos, identificado como Fabio Santos da Silva, foi morto a tiros na noite de domingo (18) em um posto de combust\u00edveis no distrito de Jo\u00e3o Vieira, em Araci. De acordo com a Pol\u00edcia Militar, os tiros atingiram a cabe\u00e7a e o t\u00f3rax da v\u00edtima.<!--more--><img decoding=\"async\" class=\"size-full wp-image-2814 alignleft\" src=\"http:\/\/www.portalalerta.com.br\/wp-content\/uploads\/2017\/11\/banner9.png\" alt=\"\" width=\"270\" height=\"174\" srcset=\"https:\/\/www.portalalerta.com.br\/wp-content\/uploads\/2017\/11\/banner9.png 270w, https:\/\/www.portalalerta.com.br\/wp-content\/uploads\/2017\/11\/banner9-227x146.png 227w, https:\/\/www.portalalerta.com.br\/wp-content\/uploads\/2017\/11\/banner9-50x32.png 50w, https:\/\/www.portalalerta.com.br\/wp-content\/uploads\/2017\/11\/banner9-116x75.png 116w\" sizes=\"(max-width: 270px) 100vw, 270px\" \/><\/p>\n<p>Ainda segundo a PM, testemunhas informaram que dois homens em um carro vermelho se aproximaram da v\u00edtima e efetuaram os disparos de arma de fogo.<\/p>\n<p>A autoria e motiva\u00e7\u00e3o do crime s\u00e3o desconhecidas. O caso ser\u00e1 investigado pela Delegacia de Pol\u00edcia Civil.<\/p>\n<p style=\"text-align: justify;\"><em>Fonte: Portal do Cleriston<\/em><\/p>\n","protected":false},"excerpt":{"rendered":"<p>Um homem de 32 anos, identificado como Fabio Santos da Silva, foi morto a tiros na noite de domingo (18) em um posto de combust\u00edveis no distrito de Jo\u00e3o Vieira, em Araci. De acordo com a Pol\u00edcia Militar, os tiros atingiram a cabe\u00e7a e o t\u00f3rax da v\u00edtima.<\/p>\n","protected":false},"author":2,"featured_media":3160,"comment_status":"closed","ping_status":"open","sticky":false,"template":"","format":"standard","meta":{"om_disable_all_campaigns":false,"_monsterinsights_skip_tracking":false,"_monsterinsights_sitenote_active":false,"_monsterinsights_sitenote_note":"","_monsterinsights_sitenote_category":0,"footnotes":""},"categories":[41,70,69,32,22],"tags":[48,206,79],"class_list":["post-4891","post","type-post","status-publish","format-standard","has-post-thumbnail","hentry","category-araci","category-destaques","category-noticias2","category-regiao","category-seguranca","tag-araci","tag-homicidio","tag-policia-militar"],"aioseo_notices":[],"_links":{"self":[{"href":"https:\/\/www.portalalerta.com.br\/index.php\/wp-json\/wp\/v2\/posts\/4891","targetHints":{"allow":["GET"]}}],"collection":[{"href":"https:\/\/www.portalalerta.com.br\/index.php\/wp-json\/wp\/v2\/posts"}],"about":[{"href":"https:\/\/www.portalalerta.com.br\/index.php\/wp-json\/wp\/v2\/types\/post"}],"author":[{"embeddable":true,"href":"https:\/\/www.portalalerta.com.br\/index.php\/wp-json\/wp\/v2\/users\/2"}],"replies":[{"embeddable":true,"href":"https:\/\/www.portalalerta.com.br\/index.php\/wp-json\/wp\/v2\/comments?post=4891"}],"version-history":[{"count":0,"href":"https:\/\/www.portalalerta.com.br\/index.php\/wp-json\/wp\/v2\/posts\/4891\/revisions"}],"wp:featuredmedia":[{"embeddable":true,"href":"https:\/\/www.portalalerta.com.br\/index.php\/wp-json\/wp\/v2\/media\/3160"}],"wp:attachment":[{"href":"https:\/\/www.portalalerta.com.br\/index.php\/wp-json\/wp\/v2\/media?parent=4891"}],"wp:term":[{"taxonomy":"category","embeddable":true,"href":"https:\/\/www.portalalerta.com.br\/index.php\/wp-json\/wp\/v2\/categories?post=4891"},{"taxonomy":"post_tag","embeddable":true,"href":"https:\/\/www.portalalerta.com.br\/index.php\/wp-json\/wp\/v2\/tags?post=4891"}],"curies":[{"name":"wp","href":"https:\/\/api.w.org\/{rel}","templated":true}]}}