{"id":4893,"date":"2018-02-21T14:08:12","date_gmt":"2018-02-21T17:08:12","guid":{"rendered":"http:\/\/www.portalalerta.com.br\/?p=4893"},"modified":"2018-02-21T14:08:12","modified_gmt":"2018-02-21T17:08:12","slug":"homem-e-preso-com-carro-roubado-em-ribeira-do-pombal-ba","status":"publish","type":"post","link":"https:\/\/www.portalalerta.com.br\/index.php\/2018\/02\/21\/homem-e-preso-com-carro-roubado-em-ribeira-do-pombal-ba\/","title":{"rendered":"Homem \u00e9 preso com carro roubado em Ribeira do Pombal-BA"},"content":{"rendered":"<p style=\"text-align: justify;\">Um homem, de identidade n\u00e3o revelada, foi detido na tarde de sexta-feira, 16, em um carro modelo Saveiro de placa OMX-5270, com restri\u00e7\u00e3o de roubo, enquanto passava pela cidade de Ribeira do Pombal. A pris\u00e3o foi divulgada apenas nesta segunda, 19.<!--more--><\/p>\n<p style=\"text-align: justify;\"><img fetchpriority=\"high\" decoding=\"async\" class=\"size-full wp-image-2902 alignleft\" src=\"http:\/\/www.portalalerta.com.br\/wp-content\/uploads\/2017\/11\/elab-2.jpg\" alt=\"\" width=\"310\" height=\"200\" srcset=\"https:\/\/www.portalalerta.com.br\/wp-content\/uploads\/2017\/11\/elab-2.jpg 310w, https:\/\/www.portalalerta.com.br\/wp-content\/uploads\/2017\/11\/elab-2-226x146.jpg 226w, https:\/\/www.portalalerta.com.br\/wp-content\/uploads\/2017\/11\/elab-2-50x32.jpg 50w, https:\/\/www.portalalerta.com.br\/wp-content\/uploads\/2017\/11\/elab-2-116x75.jpg 116w\" sizes=\"(max-width: 310px) 100vw, 310px\" \/>Conforme nota da Pol\u00edcia Rodovi\u00e1ria Federal (PRF-BA), durante a abordagem realizada no KM 171 da BR-110, foram identificadas irregularidades quanto ao Certificado de Registro e Licenciamento de Ve\u00edculo (CRLV) apresentado pelo condutor. Al\u00e9m disso, foi constatado que o ve\u00edculo estava com placas clonadas de uma semelhante \u00e0s originais.<\/p>\n<p style=\"text-align: justify;\">Autuado por recepta\u00e7\u00e3o e uso de documento falso, o homem foi encaminhado \u00e0 delegacia de pol\u00edcia judici\u00e1ria de Ribeira do Pombal. O ve\u00edculo foi apreendido.<\/p>\n<p style=\"text-align: justify;\"><em>Fonte: Canabrava FM<\/em><\/p>\n","protected":false},"excerpt":{"rendered":"<p>Um homem, de identidade n\u00e3o revelada, foi detido na tarde de sexta-feira, 16, em um carro modelo Saveiro de placa OMX-5270, com restri\u00e7\u00e3o de roubo, enquanto passava pela cidade de Ribeira do Pombal. A pris\u00e3o foi divulgada apenas nesta segunda, 19.<\/p>\n","protected":false},"author":2,"featured_media":4894,"comment_status":"closed","ping_status":"open","sticky":false,"template":"","format":"standard","meta":{"om_disable_all_campaigns":false,"_monsterinsights_skip_tracking":false,"_monsterinsights_sitenote_active":false,"_monsterinsights_sitenote_note":"","_monsterinsights_sitenote_category":0,"footnotes":""},"categories":[70,69,32,3,22],"tags":[149,47,200,102],"class_list":["post-4893","post","type-post","status-publish","format-standard","has-post-thumbnail","hentry","category-destaques","category-noticias2","category-regiao","category-ribeira-do-pombal","category-seguranca","tag-prf","tag-ribeira-do-pombal","tag-roubo-de-carro","tag-veiculo-recuperado"],"aioseo_notices":[],"_links":{"self":[{"href":"https:\/\/www.portalalerta.com.br\/index.php\/wp-json\/wp\/v2\/posts\/4893","targetHints":{"allow":["GET"]}}],"collection":[{"href":"https:\/\/www.portalalerta.com.br\/index.php\/wp-json\/wp\/v2\/posts"}],"about":[{"href":"https:\/\/www.portalalerta.com.br\/index.php\/wp-json\/wp\/v2\/types\/post"}],"author":[{"embeddable":true,"href":"https:\/\/www.portalalerta.com.br\/index.php\/wp-json\/wp\/v2\/users\/2"}],"replies":[{"embeddable":true,"href":"https:\/\/www.portalalerta.com.br\/index.php\/wp-json\/wp\/v2\/comments?post=4893"}],"version-history":[{"count":0,"href":"https:\/\/www.portalalerta.com.br\/index.php\/wp-json\/wp\/v2\/posts\/4893\/revisions"}],"wp:featuredmedia":[{"embeddable":true,"href":"https:\/\/www.portalalerta.com.br\/index.php\/wp-json\/wp\/v2\/media\/4894"}],"wp:attachment":[{"href":"https:\/\/www.portalalerta.com.br\/index.php\/wp-json\/wp\/v2\/media?parent=4893"}],"wp:term":[{"taxonomy":"category","embeddable":true,"href":"https:\/\/www.portalalerta.com.br\/index.php\/wp-json\/wp\/v2\/categories?post=4893"},{"taxonomy":"post_tag","embeddable":true,"href":"https:\/\/www.portalalerta.com.br\/index.php\/wp-json\/wp\/v2\/tags?post=4893"}],"curies":[{"name":"wp","href":"https:\/\/api.w.org\/{rel}","templated":true}]}}