{"id":49004,"date":"2023-05-16T23:18:54","date_gmt":"2023-05-17T02:18:54","guid":{"rendered":"https:\/\/www.portalalerta.com.br\/?p=49004"},"modified":"2023-05-16T23:18:55","modified_gmt":"2023-05-17T02:18:55","slug":"educacao-lanca-concurso-para-escolha-de-diretores-escolares-em-ribeira-do-pombal-ba","status":"publish","type":"post","link":"https:\/\/www.portalalerta.com.br\/index.php\/2023\/05\/16\/educacao-lanca-concurso-para-escolha-de-diretores-escolares-em-ribeira-do-pombal-ba\/","title":{"rendered":"Educa\u00e7\u00e3o lan\u00e7a concurso para escolha de diretores escolares, em Ribeira do Pombal-BA"},"content":{"rendered":"\n<p>Na \u00faltima quinta-feira (11), a Prefeitura de Ribeira do Pombal-BA abriu o processo que vai culminar com a escolha dos novos diretores e vice-diretores das unidades escolares do Munic\u00edpio. O Processo de escolha dos gestores, a partir de agora, segue uma nova din\u00e2mica: in\u00e9dita, mais participativa e com grande \u00eanfase na qualifica\u00e7\u00e3o t\u00e9cnica, uma vez que vai exigir dos interessados, al\u00e9m de conhecimentos considerados essenciais para a fun\u00e7\u00e3o, a apresenta\u00e7\u00e3o de Plano de Gest\u00e3o aprovado em Consulta P\u00fablica e com validade para os pr\u00f3ximos quatro anos.<\/p>\n\n\n\n<!--more-->\n\n\n<div class=\"wp-block-image\">\n<figure class=\"alignleft size-full is-resized\"><img fetchpriority=\"high\" decoding=\"async\" src=\"https:\/\/www.portalalerta.com.br\/wp-content\/uploads\/2022\/03\/Cred-Real.1.jpg\" alt=\"\" class=\"wp-image-41523\" width=\"427\" height=\"341\" srcset=\"https:\/\/www.portalalerta.com.br\/wp-content\/uploads\/2022\/03\/Cred-Real.1.jpg 500w, https:\/\/www.portalalerta.com.br\/wp-content\/uploads\/2022\/03\/Cred-Real.1-300x240.jpg 300w, https:\/\/www.portalalerta.com.br\/wp-content\/uploads\/2022\/03\/Cred-Real.1-183x146.jpg 183w, https:\/\/www.portalalerta.com.br\/wp-content\/uploads\/2022\/03\/Cred-Real.1-50x40.jpg 50w, https:\/\/www.portalalerta.com.br\/wp-content\/uploads\/2022\/03\/Cred-Real.1-94x75.jpg 94w\" sizes=\"(max-width: 427px) 100vw, 427px\" \/><\/figure><\/div>\n\n\n<p>As inscri\u00e7\u00f5es ser\u00e3o realizadas atrav\u00e9s do site <strong><a href=\"www.idcap.org.br\">www.idcap.org.br<\/a><\/strong>., at\u00e9 dia 22 de maio e o Processo passar\u00e1 por quatro fases de car\u00e1ter classificat\u00f3rio: <strong>Envio dos requisitos, Prova Objetiva, realizada em 04 de junho; Prova Discursiva e Apresenta\u00e7\u00e3o do Plano de Gest\u00e3o Escolar, al\u00e9m de Prova de T\u00edtulos classificat\u00f3ria<\/strong>. Os interessados dever\u00e3o ainda atender a crit\u00e9rios como: <strong>Pertencer ao quadro efetivo do magist\u00e9rio municipal, possuir curso superior em Pedagogia e\/ou licenciatura plena, ter no m\u00ednimo dois anos de experi\u00eancia no magist\u00e9rio, n\u00e3o ter cumprido senten\u00e7a criminal nos \u00faltimos dois anos entre outros, que podem ser conferidos no di\u00e1rio oficial do munic\u00edpio<\/strong>,&nbsp;<strong><a href=\"https:\/\/sai.io.org.br\/Handler.ashx?f=diario&amp;query=1595&amp;c=653&amp;m=0\" target=\"_blank\" rel=\"noreferrer noopener\">clique aqui e confira<\/a><\/strong>.<\/p>\n\n\n\n<p>A nova forma de escolha dos gestores escolares busca garantir isonomia e ascens\u00e3o dos melhores candidatos. Para tanto ainda ser\u00e1 acompanhada por Comiss\u00e3o constitu\u00edda por representantes dos servidores, professores, procuradoria jur\u00eddica do munic\u00edpio e do Conselho Municipal de Educa\u00e7\u00e3o, que vai validar a apresenta\u00e7\u00e3o dos t\u00edtulos, do Plano de Gest\u00e3o e acompanhar o desempenho dos selecionados no decorrer do pr\u00f3ximo per\u00edodo de quatro anos.<\/p>\n\n\n\n<p>&nbsp;<a href=\"https:\/\/sai.io.org.br\/Handler.ashx?f=diario&amp;query=1595&amp;c=653&amp;m=0\" target=\"_blank\" rel=\"noreferrer noopener\"><strong><\/strong><strong>&nbsp;Acesse aqui o Edital completo<\/strong><\/a>.<\/p>\n\n\n\n<p>&nbsp;<em>Fonte: SECOM\/ Ribeira do Pombal<\/em><\/p>\n","protected":false},"excerpt":{"rendered":"<p>Na \u00faltima quinta-feira (11), a Prefeitura de Ribeira do Pombal-BA abriu o processo que vai culminar com a escolha dos novos diretores e vice-diretores das unidades escolares do Munic\u00edpio. O Processo de escolha dos gestores, a partir de agora, segue uma nova din\u00e2mica: in\u00e9dita, mais participativa e com grande \u00eanfase na qualifica\u00e7\u00e3o t\u00e9cnica, uma vez &hellip;<\/p>\n","protected":false},"author":2,"featured_media":49005,"comment_status":"open","ping_status":"open","sticky":false,"template":"","format":"standard","meta":{"om_disable_all_campaigns":false,"_monsterinsights_skip_tracking":false,"_monsterinsights_sitenote_active":false,"_monsterinsights_sitenote_note":"","_monsterinsights_sitenote_category":0,"footnotes":""},"categories":[70,20,69,32,3],"tags":[100,71,48,75,4178,4180,6099,140,129,107,4181,132,230,106,203,120,51,145,511,109,88,47,111,190],"class_list":["post-49004","post","type-post","status-publish","format-standard","has-post-thumbnail","hentry","category-destaques","category-educacao","category-noticias2","category-regiao","category-ribeira-do-pombal","tag-adustina","tag-antas","tag-araci","tag-cicero-dantas","tag-cipo-2","tag-crisopolis-2","tag-diretores","tag-educacao","tag-euclides-da-cunha","tag-fatima","tag-heliopolis-2","tag-itapicuru","tag-jeremoabo","tag-nova-soure","tag-novo-triunfo","tag-olindina","tag-paripiranga","tag-prefeitura","tag-processo-seletivo","tag-quijingue","tag-ribeira-do-amparo","tag-ribeira-do-pombal","tag-sitio-do-quinto","tag-tucano"],"aioseo_notices":[],"_links":{"self":[{"href":"https:\/\/www.portalalerta.com.br\/index.php\/wp-json\/wp\/v2\/posts\/49004","targetHints":{"allow":["GET"]}}],"collection":[{"href":"https:\/\/www.portalalerta.com.br\/index.php\/wp-json\/wp\/v2\/posts"}],"about":[{"href":"https:\/\/www.portalalerta.com.br\/index.php\/wp-json\/wp\/v2\/types\/post"}],"author":[{"embeddable":true,"href":"https:\/\/www.portalalerta.com.br\/index.php\/wp-json\/wp\/v2\/users\/2"}],"replies":[{"embeddable":true,"href":"https:\/\/www.portalalerta.com.br\/index.php\/wp-json\/wp\/v2\/comments?post=49004"}],"version-history":[{"count":1,"href":"https:\/\/www.portalalerta.com.br\/index.php\/wp-json\/wp\/v2\/posts\/49004\/revisions"}],"predecessor-version":[{"id":49006,"href":"https:\/\/www.portalalerta.com.br\/index.php\/wp-json\/wp\/v2\/posts\/49004\/revisions\/49006"}],"wp:featuredmedia":[{"embeddable":true,"href":"https:\/\/www.portalalerta.com.br\/index.php\/wp-json\/wp\/v2\/media\/49005"}],"wp:attachment":[{"href":"https:\/\/www.portalalerta.com.br\/index.php\/wp-json\/wp\/v2\/media?parent=49004"}],"wp:term":[{"taxonomy":"category","embeddable":true,"href":"https:\/\/www.portalalerta.com.br\/index.php\/wp-json\/wp\/v2\/categories?post=49004"},{"taxonomy":"post_tag","embeddable":true,"href":"https:\/\/www.portalalerta.com.br\/index.php\/wp-json\/wp\/v2\/tags?post=49004"}],"curies":[{"name":"wp","href":"https:\/\/api.w.org\/{rel}","templated":true}]}}