{"id":49009,"date":"2023-05-17T00:20:27","date_gmt":"2023-05-17T03:20:27","guid":{"rendered":"https:\/\/www.portalalerta.com.br\/?p=49009"},"modified":"2023-05-17T00:20:28","modified_gmt":"2023-05-17T03:20:28","slug":"adustina-ba-registra-o-segundo-homicidio-do-ano","status":"publish","type":"post","link":"https:\/\/www.portalalerta.com.br\/index.php\/2023\/05\/17\/adustina-ba-registra-o-segundo-homicidio-do-ano\/","title":{"rendered":"Adustina-BA registra o segundo homic\u00eddio do ano"},"content":{"rendered":"\n<p>Por volta das 13h30 da \u00faltima segunda-feira (15), policiais militares do 4\u00ba Pelot\u00e3o\/ Adustina-BA, foram informados a respeito da entrada na Emerg\u00eancia do Hospital Maria dos Santos Almeida, no referido munic\u00edpio, de um homem ferido por golpe de faca.<\/p>\n\n\n\n<!--more-->\n\n\n\n<p>A guarni\u00e7\u00e3o foi at\u00e9 a Unidade Hospitalar, onde foi informada que a v\u00edtima, identificada como Fernando Charles Rosa Santos, 34 anos, n\u00e3o tinha resistido ao ferimento e consequentemente evoluiu a \u00f3bito.<\/p>\n\n\n<div class=\"wp-block-image\">\n<figure class=\"aligncenter size-full is-resized\"><img fetchpriority=\"high\" decoding=\"async\" src=\"https:\/\/www.portalalerta.com.br\/wp-content\/uploads\/2023\/05\/homicidio-em-Adustina-2023.jpg\" alt=\"\" class=\"wp-image-49010\" width=\"415\" height=\"468\" srcset=\"https:\/\/www.portalalerta.com.br\/wp-content\/uploads\/2023\/05\/homicidio-em-Adustina-2023.jpg 284w, https:\/\/www.portalalerta.com.br\/wp-content\/uploads\/2023\/05\/homicidio-em-Adustina-2023-213x240.jpg 213w\" sizes=\"(max-width: 415px) 100vw, 415px\" \/><figcaption class=\"wp-element-caption\">Fernando Charles. Cr\u00e9dito: C\u00edcero Dantas Acontece <\/figcaption><\/figure><\/div>\n\n\n<p>Ainda de acordo com informa\u00e7\u00f5es, o autor teria sido um menor de idade. Foram realizadas buscas, por\u00e9m at\u00e9 o fechamento desta mat\u00e9ria n\u00e3o houve relatos da captura do infrator.<\/p>\n\n\n\n<p>Este \u00e9 o segundo homic\u00eddio do ano no munic\u00edpio, e como o primeiro, ocorrido na Pra\u00e7a da Feira Livre, centro da cidade.<\/p>\n\n\n\n<p><em>Reda\u00e7\u00e3o: Portal Alerta<\/em><\/p>\n","protected":false},"excerpt":{"rendered":"<p>Por volta das 13h30 da \u00faltima segunda-feira (15), policiais militares do 4\u00ba Pelot\u00e3o\/ Adustina-BA, foram informados a respeito da entrada na Emerg\u00eancia do Hospital Maria dos Santos Almeida, no referido munic\u00edpio, de um homem ferido por golpe de faca.<\/p>\n","protected":false},"author":2,"featured_media":21880,"comment_status":"open","ping_status":"open","sticky":false,"template":"","format":"standard","meta":{"om_disable_all_campaigns":false,"_monsterinsights_skip_tracking":false,"_monsterinsights_sitenote_active":false,"_monsterinsights_sitenote_note":"","_monsterinsights_sitenote_category":0,"footnotes":""},"categories":[40,70,69,32,22],"tags":[100,71,48,75,4178,4180,129,492,107,4181,206,132,230,169,106,203,120,51,109,88,47,111,190],"class_list":["post-49009","post","type-post","status-publish","format-standard","has-post-thumbnail","hentry","category-adustina","category-destaques","category-noticias2","category-regiao","category-seguranca","tag-adustina","tag-antas","tag-araci","tag-cicero-dantas","tag-cipo-2","tag-crisopolis-2","tag-euclides-da-cunha","tag-facada","tag-fatima","tag-heliopolis-2","tag-homicidio","tag-itapicuru","tag-jeremoabo","tag-morte","tag-nova-soure","tag-novo-triunfo","tag-olindina","tag-paripiranga","tag-quijingue","tag-ribeira-do-amparo","tag-ribeira-do-pombal","tag-sitio-do-quinto","tag-tucano"],"aioseo_notices":[],"_links":{"self":[{"href":"https:\/\/www.portalalerta.com.br\/index.php\/wp-json\/wp\/v2\/posts\/49009","targetHints":{"allow":["GET"]}}],"collection":[{"href":"https:\/\/www.portalalerta.com.br\/index.php\/wp-json\/wp\/v2\/posts"}],"about":[{"href":"https:\/\/www.portalalerta.com.br\/index.php\/wp-json\/wp\/v2\/types\/post"}],"author":[{"embeddable":true,"href":"https:\/\/www.portalalerta.com.br\/index.php\/wp-json\/wp\/v2\/users\/2"}],"replies":[{"embeddable":true,"href":"https:\/\/www.portalalerta.com.br\/index.php\/wp-json\/wp\/v2\/comments?post=49009"}],"version-history":[{"count":1,"href":"https:\/\/www.portalalerta.com.br\/index.php\/wp-json\/wp\/v2\/posts\/49009\/revisions"}],"predecessor-version":[{"id":49011,"href":"https:\/\/www.portalalerta.com.br\/index.php\/wp-json\/wp\/v2\/posts\/49009\/revisions\/49011"}],"wp:featuredmedia":[{"embeddable":true,"href":"https:\/\/www.portalalerta.com.br\/index.php\/wp-json\/wp\/v2\/media\/21880"}],"wp:attachment":[{"href":"https:\/\/www.portalalerta.com.br\/index.php\/wp-json\/wp\/v2\/media?parent=49009"}],"wp:term":[{"taxonomy":"category","embeddable":true,"href":"https:\/\/www.portalalerta.com.br\/index.php\/wp-json\/wp\/v2\/categories?post=49009"},{"taxonomy":"post_tag","embeddable":true,"href":"https:\/\/www.portalalerta.com.br\/index.php\/wp-json\/wp\/v2\/tags?post=49009"}],"curies":[{"name":"wp","href":"https:\/\/api.w.org\/{rel}","templated":true}]}}