{"id":49012,"date":"2023-05-17T00:24:55","date_gmt":"2023-05-17T03:24:55","guid":{"rendered":"https:\/\/www.portalalerta.com.br\/?p=49012"},"modified":"2023-05-17T00:24:56","modified_gmt":"2023-05-17T03:24:56","slug":"em-decisao-unanime-tse-cassa-mandato-do-deputado-deltan-dallagnol","status":"publish","type":"post","link":"https:\/\/www.portalalerta.com.br\/index.php\/2023\/05\/17\/em-decisao-unanime-tse-cassa-mandato-do-deputado-deltan-dallagnol\/","title":{"rendered":"Em decis\u00e3o un\u00e2nime, TSE cassa mandato do deputado Deltan Dallagnol"},"content":{"rendered":"\n<p><em>Ex-procurador ter\u00e1 de deixar o cargo imediatamente<\/em><\/p>\n\n\n\n<!--more-->\n\n\n\n<p>Por unanimidade, o Tribunal Superior Eleitoral (TSE) decidiu nesta ter\u00e7a-feira&nbsp;(16) cassar o mandato do deputado federal Deltan Dallagnol (Pode-PR). Deltan atuou como chefe da for\u00e7a-tarefa da Opera\u00e7\u00e3o Lava Jato em Curitiba e, ap\u00f3s deixar o cargo, foi o deputado mais votado do Paran\u00e1 nas elei\u00e7\u00f5es de 2022, com 344 mil votos. Cabe recurso da decis\u00e3o, mas Deltan Dallagnol ter\u00e1 de sair do cargo eletivo, ocupado h\u00e1 tr\u00eas meses.<\/p>\n\n\n\n<p>A decis\u00e3o dever\u00e1 ser cumprida imediatamente e os votos recebidos pelo parlamentar na elei\u00e7\u00e3o ser\u00e3o computados para a legenda.&nbsp;<\/p>\n\n\n<div class=\"wp-block-image\">\n<figure class=\"alignleft size-full\"><img fetchpriority=\"high\" decoding=\"async\" width=\"400\" height=\"300\" src=\"https:\/\/www.portalalerta.com.br\/wp-content\/uploads\/2023\/01\/Auto-Escola-Sonho.jpg\" alt=\"\" class=\"wp-image-47083\" srcset=\"https:\/\/www.portalalerta.com.br\/wp-content\/uploads\/2023\/01\/Auto-Escola-Sonho.jpg 400w, https:\/\/www.portalalerta.com.br\/wp-content\/uploads\/2023\/01\/Auto-Escola-Sonho-320x240.jpg 320w\" sizes=\"(max-width: 400px) 100vw, 400px\" \/><\/figure><\/div>\n\n\n<p>A elegibilidade de Deltan foi contestada pela federa\u00e7\u00e3o formada pelo PT no estado e o candidato a deputado Oduwaldo Calixto (PL). Antes de chegar ao TSE, a inelegibilidade de Deltan foi rejeitada pela Justi\u00e7a Eleitoral do Paran\u00e1. Ambos sustentaram que o ex-procurador n\u00e3o poderia concorrer \u00e0s elei\u00e7\u00f5es por ter sido condenado pelo Tribunal de Contas da Uni\u00e3o (TCU) no caso das di\u00e1rias pagas \u00e0 for\u00e7a-tarefa.<\/p>\n\n\n\n<p>Al\u00e9m disso, segundo a acusa\u00e7\u00e3o, Deltan tamb\u00e9m n\u00e3o poderia ter concorrido por ter sa\u00eddo do Minist\u00e9rio P\u00fablico Federal (MPF) durante a tramita\u00e7\u00e3o de processos administrativos disciplinares&nbsp;contra ele no Conselho Nacional do Minist\u00e9rio P\u00fablico (CNMP).&nbsp;<\/p>\n\n\n\n<p><strong>Voto do relator&nbsp;<\/strong><\/p>\n\n\n\n<p>O relator do processo, ministro Benedito Gon\u00e7alves, votou pela cassa\u00e7\u00e3o&nbsp;do mandato de Deltan Dallagnol.<\/p>\n\n\n\n<p>O ministro disse que o ex-procurador pediu exonera\u00e7\u00e3o do MPF no dia 3 de novembro de 2021, quando j\u00e1 havia sido condenado pelo CNMP a pena de censura e de advert\u00eancia e ainda tinha 15 procedimentos diversos em tramita\u00e7\u00e3o desfavor\u00e1veis a&nbsp;ele no \u00f3rg\u00e3o.<\/p>\n\n\n\n<p>Para o ministro, o objetivo de Deltan foi fazer &#8220;uma manobra&#8221; para evitar a perda do cargo e o enquadramento na Lei da Ficha Limpa.<\/p>\n\n\n\n<p><strong><em>&#8220;A partir do momento em que foi apenado com advert\u00eancia e censura, n\u00e3o h\u00e1 d\u00favida de que elas passariam a ser consideradas em PADs de outras infra\u00e7\u00f5es disciplinares, aproximando da pena de demiss\u00e3o&#8221;,<\/em><\/strong> afirmou.<\/p>\n\n\n\n<p>De acordo com a norma, s\u00e3o ineleg\u00edveis, pelo prazo de oito&nbsp;anos, membros do Minist\u00e9rio P\u00fablico que tenham perdido o cargo por senten\u00e7a ou que tenham pedido exonera\u00e7\u00e3o durante a tramita\u00e7\u00e3o de processo disciplinar.<\/p>\n\n\n\n<p>O relator ressaltou ainda que, conforme a lei eleitoral, Deltan s\u00f3 poderia&nbsp;deixar o MPF seis meses antes das elei\u00e7\u00f5es para participar do pleito. &#8220;O recorrido agiu para fraudar a lei, uma vez que praticou uma s\u00e9rie de atos para obstar processos disciplinares contra si, e, portanto, elidir a inelegibilidade&#8221;, concluiu.<\/p>\n\n\n\n<p><strong>Defesa<\/strong><\/p>\n\n\n\n<p>O advogado Leandro Rosa, representante de Deltan, disse que o deputado estava apto a concorrer \u00e0s elei\u00e7\u00f5es e que a decis\u00e3o do TCU contra ele foi suspensa por uma liminar da Justi\u00e7a Federal em Curitiba.<\/p>\n\n\n\n<p>O advogado afirmou ainda que o pedido de exonera\u00e7\u00e3o feito pelo ex-procurador foi realizado ap\u00f3s o CNMP fornecer uma certid\u00e3o que&nbsp;confirmou n\u00e3o haver&nbsp;processos em andamento contra ele.<\/p>\n\n\n\n<p>A defesa confirmou que o ex-procurador recebeu pena de advert\u00eancia e de censura pelo conselho, mas as penas foram cumpridas e o processos encerrados.<\/p>\n\n\n\n<p><strong><em>&#8220;Deltan formalizou seu pedido de exonera\u00e7\u00e3o, porque o seu \u00f3rg\u00e3o de fiscaliza\u00e7\u00e3o disse que ele n\u00e3o tinha nenhum&nbsp;processo disciplinar aberto&#8221;,<\/em><\/strong> disse.<\/p>\n\n\n\n<p><em>Fonte: Ag\u00eancia Brasil<\/em><\/p>\n","protected":false},"excerpt":{"rendered":"<p>Ex-procurador ter\u00e1 de deixar o cargo imediatamente<\/p>\n","protected":false},"author":2,"featured_media":18141,"comment_status":"open","ping_status":"open","sticky":false,"template":"","format":"standard","meta":{"om_disable_all_campaigns":false,"_monsterinsights_skip_tracking":false,"_monsterinsights_sitenote_active":false,"_monsterinsights_sitenote_note":"","_monsterinsights_sitenote_category":0,"footnotes":""},"categories":[34,70,69,21],"tags":[100,71,48,93,644,75,4178,4180,1599,215,129,107,4181,132,230,106,203,120,51,109,88,47,111,549,190],"class_list":["post-49012","post","type-post","status-publish","format-standard","has-post-thumbnail","hentry","category-brasil","category-destaques","category-noticias2","category-politica","tag-adustina","tag-antas","tag-araci","tag-brasil","tag-cassacao","tag-cicero-dantas","tag-cipo-2","tag-crisopolis-2","tag-deltan-dallagnol","tag-deputado-federal","tag-euclides-da-cunha","tag-fatima","tag-heliopolis-2","tag-itapicuru","tag-jeremoabo","tag-nova-soure","tag-novo-triunfo","tag-olindina","tag-paripiranga","tag-quijingue","tag-ribeira-do-amparo","tag-ribeira-do-pombal","tag-sitio-do-quinto","tag-tse","tag-tucano"],"aioseo_notices":[],"_links":{"self":[{"href":"https:\/\/www.portalalerta.com.br\/index.php\/wp-json\/wp\/v2\/posts\/49012","targetHints":{"allow":["GET"]}}],"collection":[{"href":"https:\/\/www.portalalerta.com.br\/index.php\/wp-json\/wp\/v2\/posts"}],"about":[{"href":"https:\/\/www.portalalerta.com.br\/index.php\/wp-json\/wp\/v2\/types\/post"}],"author":[{"embeddable":true,"href":"https:\/\/www.portalalerta.com.br\/index.php\/wp-json\/wp\/v2\/users\/2"}],"replies":[{"embeddable":true,"href":"https:\/\/www.portalalerta.com.br\/index.php\/wp-json\/wp\/v2\/comments?post=49012"}],"version-history":[{"count":1,"href":"https:\/\/www.portalalerta.com.br\/index.php\/wp-json\/wp\/v2\/posts\/49012\/revisions"}],"predecessor-version":[{"id":49013,"href":"https:\/\/www.portalalerta.com.br\/index.php\/wp-json\/wp\/v2\/posts\/49012\/revisions\/49013"}],"wp:featuredmedia":[{"embeddable":true,"href":"https:\/\/www.portalalerta.com.br\/index.php\/wp-json\/wp\/v2\/media\/18141"}],"wp:attachment":[{"href":"https:\/\/www.portalalerta.com.br\/index.php\/wp-json\/wp\/v2\/media?parent=49012"}],"wp:term":[{"taxonomy":"category","embeddable":true,"href":"https:\/\/www.portalalerta.com.br\/index.php\/wp-json\/wp\/v2\/categories?post=49012"},{"taxonomy":"post_tag","embeddable":true,"href":"https:\/\/www.portalalerta.com.br\/index.php\/wp-json\/wp\/v2\/tags?post=49012"}],"curies":[{"name":"wp","href":"https:\/\/api.w.org\/{rel}","templated":true}]}}