{"id":49014,"date":"2023-05-17T15:18:10","date_gmt":"2023-05-17T18:18:10","guid":{"rendered":"https:\/\/www.portalalerta.com.br\/?p=49014"},"modified":"2023-05-17T15:18:11","modified_gmt":"2023-05-17T18:18:11","slug":"petrobras-anuncia-fim-de-reajuste-de-precos-baseado-na-cotacao-internacional","status":"publish","type":"post","link":"https:\/\/www.portalalerta.com.br\/index.php\/2023\/05\/17\/petrobras-anuncia-fim-de-reajuste-de-precos-baseado-na-cotacao-internacional\/","title":{"rendered":"Petrobras anuncia fim de reajuste de pre\u00e7os baseado na cota\u00e7\u00e3o internacional"},"content":{"rendered":"\n<p>A Petrobras anunciou nesta ter\u00e7a-feira (16) o fim da paridade de pre\u00e7os do petr\u00f3leo \u2013 e dos combust\u00edveis derivados, como gasolina e diesel \u2013 com o d\u00f3lar e o mercado internacional.<\/p>\n\n\n\n<!--more-->\n\n\n\n<p>Pela regra em vigor desde 2016, o pre\u00e7o desses produtos no mercado interno acompanha as oscila\u00e7\u00f5es internacionais, ou seja, n\u00e3o h\u00e1 interven\u00e7\u00e3o do governo para garantir pre\u00e7os menores.<\/p>\n\n\n\n<p>A Petrobras anunciou o fim desse mecanismo autom\u00e1tico.<\/p>\n\n\n\n<p><strong><em>\u201cOs reajustes continuar\u00e3o sendo feitos sem periodicidade definida, evitando o repasse para os pre\u00e7os internos da volatilidade conjuntural das cota\u00e7\u00f5es internacionais e da taxa de c\u00e2mbio\u201d<\/em><\/strong>, diz o comunicado.<\/p>\n\n\n<div class=\"wp-block-image\">\n<figure class=\"alignleft size-full is-resized\"><img fetchpriority=\"high\" decoding=\"async\" src=\"https:\/\/www.portalalerta.com.br\/wp-content\/uploads\/2022\/03\/Cred-Real.1.jpg\" alt=\"\" class=\"wp-image-41523\" width=\"446\" height=\"357\" srcset=\"https:\/\/www.portalalerta.com.br\/wp-content\/uploads\/2022\/03\/Cred-Real.1.jpg 500w, https:\/\/www.portalalerta.com.br\/wp-content\/uploads\/2022\/03\/Cred-Real.1-300x240.jpg 300w, https:\/\/www.portalalerta.com.br\/wp-content\/uploads\/2022\/03\/Cred-Real.1-183x146.jpg 183w, https:\/\/www.portalalerta.com.br\/wp-content\/uploads\/2022\/03\/Cred-Real.1-50x40.jpg 50w, https:\/\/www.portalalerta.com.br\/wp-content\/uploads\/2022\/03\/Cred-Real.1-94x75.jpg 94w\" sizes=\"(max-width: 446px) 100vw, 446px\" \/><\/figure><\/div>\n\n\n<p>No c\u00e1lculo anterior, chamado de Pre\u00e7o de Paridade de Importa\u00e7\u00e3o (PPI), a Petrobras considerava o valor do petr\u00f3leo no mercado global e custos log\u00edsticos como o fretamento de navios, as taxas portu\u00e1rias e o uso dos dutos internos para transporte.<\/p>\n\n\n\n<p>Segundo a nota oficial da Petrobras, a nova <strong><em>\u201cestrat\u00e9gia comercial\u201d<\/em><\/strong> usa duas refer\u00eancias de mercado: o <strong><em>\u201ccusto alternativo do cliente, como valor a ser priorizado na precifica\u00e7\u00e3o\u201d<\/em><\/strong>, e o <strong><em>\u201cvalor marginal para a Petrobras\u201d<\/em><\/strong>.<\/p>\n\n\n\n<p>&nbsp;<strong><em>\u201cO custo alternativo do cliente contempla as principais alternativas de suprimento, sejam fornecedores dos mesmos produtos ou de produtos substitutos\u201d<\/em><\/strong>, explica o comunicado da Petrobras.<\/p>\n\n\n\n<p>&nbsp;J\u00e1 o <strong><em>\u201cvalor marginal\u201d<\/em><\/strong>, segundo a petroleira, \u00e9 <strong><em>\u201cbaseado no custo de oportunidade dadas as diversas alternativas para a companhia dentre elas, produ\u00e7\u00e3o, importa\u00e7\u00e3o e exporta\u00e7\u00e3o do referido produto e\/ou dos petr\u00f3leos utilizados no refino\u201d<\/em><\/strong>.<\/p>\n\n\n\n<p><strong><em>\u201cCom a mudan\u00e7a, a Petrobras tem mais flexibilidade para praticar pre\u00e7os competitivos, se valendo de suas melhores condi\u00e7\u00f5es de produ\u00e7\u00e3o e log\u00edstica e disputando mercado com outros atores que comercializam combust\u00edveis no Brasil, como distribuidores e importadores\u201d<\/em><\/strong>, diz o texto.<\/p>\n\n\n\n<p><strong>Lula quer \u2018abrasileirar\u2019 o pre\u00e7o<\/strong><\/p>\n\n\n\n<p>Desde a campanha, o hoje presidente Luiz In\u00e1cio Lula da Silva (PT) vinha falando em \u201cabrasileirar\u201d o pre\u00e7o dos combust\u00edveis. O que, de modo geral, significa criar mecanismos para reduzir o impacto dessas oscila\u00e7\u00f5es internacionais do petr\u00f3leo nas bombas dos postos.<\/p>\n\n\n\n<p>Em um comunicado no \u00faltimo domingo (14), a Petrobras informou que analisaria o tema nesta semana.<\/p>\n\n\n\n<p><strong>Prates fala em manter competitividade<\/strong><\/p>\n\n\n\n<p>Na sexta-feira (12), o presidente da Petrobras, Jean Paul Prates, j\u00e1 havia antecipado que a petroleira deveria decidir nesta semana sobre os reajustes de combust\u00edveis e a nova pol\u00edtica de pre\u00e7os praticada pela estatal.<\/p>\n\n\n\n<p>Questionado sobre o novo crit\u00e9rio utilizado para defini\u00e7\u00e3o de pre\u00e7os nas refinarias, Prates afirmou que ser\u00e1 o de \u201cestabilidade versus volatilidade\u201d. Segundo ele, o novo formato dever\u00e1 evitar tanto a estagna\u00e7\u00e3o de pre\u00e7os quanto o que chamou de \u201cmaratona\u201d de reajustes.<\/p>\n\n\n\n<p>\u201cN\u00e3o precisamos voltar ao tempo em que n\u00e3o houve nenhum reajuste no ano inteiro. Em 2006 e em 2007 aconteceu isso. E tamb\u00e9m n\u00e3o precisamos viver dentro da maratona de 118 reajustes para um \u00fanico combust\u00edvel, como foi em 2017, o que levou \u00e0 crise enorme da greve dos caminhoneiros\u201d, afirmou ele, na ocasi\u00e3o.<\/p>\n\n\n\n<p>Prates disse tamb\u00e9m que, mesmo com a mudan\u00e7a, a Petrobras continuar\u00e1 seguindo a refer\u00eancia internacional e mantendo a competitividade interna. <strong><em>\u201cN\u00f3s n\u00e3o vamos perder venda. N\u00e3o vamos deixar de ter o pre\u00e7o mais atrativo para os nossos clientes.\u201d<\/em><\/strong><\/p>\n\n\n\n<p>O presidente mencionou tamb\u00e9m a produ\u00e7\u00e3o brasileira dentro da composi\u00e7\u00e3o de pre\u00e7os, citando a estrutura de escoamento, de transporte, a capacidade de refino e a fonte de petr\u00f3leo do pa\u00eds.<\/p>\n\n\n\n<p><strong><em>\u201cTudo isso faz parte de um modelo de pre\u00e7os empresarial que a Petrobras vai conversar melhor na semana que vem\u201d<\/em><\/strong>, concluiu.<\/p>\n\n\n\n<p><strong>Novo c\u00e1lculo n\u00e3o foi divulgado<\/strong><\/p>\n\n\n\n<p>O comunicado da Petrobras, no entanto, n\u00e3o apresenta uma f\u00f3rmula clara indicando qual ser\u00e1 o peso de cada fator no novo c\u00e1lculo.<\/p>\n\n\n\n<p>S\u00f3cio-fundador e diretor do Centro Brasileiro de Infraestrutura (CBIE), o economista Adriano Pires afirmou ao g1 que o comunicado da Petrobras \u00e9 confuso e \u201ctumultua o mercado\u201d ao dizer, por exemplo, que o pre\u00e7o de paridade \u201cpassa a ser uma refer\u00eancia\u201d.<\/p>\n\n\n\n<p>Pires chegou a ser cotado para assumir o comando da Petrobras, em 2022, mas desistiu em meio a uma apura\u00e7\u00e3o sobre poss\u00edvel conflito de interesses \u2013 j\u00e1 que, como especialista na \u00e1rea, ele havia prestado consultoria a investidores privados.<\/p>\n\n\n\n<p><strong><em>\u201cEsse tipo de an\u00fancio que vem sendo feito est\u00e1 tumultuando o mercado. O dono de posto que compra gasolina, o distribuidor, ningu\u00e9m est\u00e1 comprando nem vendendo. A pr\u00f3pria Petrobras para de vender\u201d<\/em><\/strong>, avaliou.<\/p>\n\n\n\n<p><em>Fonte: Not\u00edcias de SantaLuz<\/em><\/p>\n","protected":false},"excerpt":{"rendered":"<p>A Petrobras anunciou nesta ter\u00e7a-feira (16) o fim da paridade de pre\u00e7os do petr\u00f3leo \u2013 e dos combust\u00edveis derivados, como gasolina e diesel \u2013 com o d\u00f3lar e o mercado internacional.<\/p>\n","protected":false},"author":2,"featured_media":49015,"comment_status":"open","ping_status":"open","sticky":false,"template":"","format":"standard","meta":{"om_disable_all_campaigns":false,"_monsterinsights_skip_tracking":false,"_monsterinsights_sitenote_active":false,"_monsterinsights_sitenote_note":"","_monsterinsights_sitenote_category":0,"footnotes":""},"categories":[34,70,69,21],"tags":[100,71,48,93,75,4178,273,4180,129,107,4181,132,230,106,203,120,51,329,274,109,401,88,47,111,190],"class_list":["post-49014","post","type-post","status-publish","format-standard","has-post-thumbnail","hentry","category-brasil","category-destaques","category-noticias2","category-politica","tag-adustina","tag-antas","tag-araci","tag-brasil","tag-cicero-dantas","tag-cipo-2","tag-combustivel","tag-crisopolis-2","tag-euclides-da-cunha","tag-fatima","tag-heliopolis-2","tag-itapicuru","tag-jeremoabo","tag-nova-soure","tag-novo-triunfo","tag-olindina","tag-paripiranga","tag-petrobras","tag-preco","tag-quijingue","tag-reajuste-de-precos","tag-ribeira-do-amparo","tag-ribeira-do-pombal","tag-sitio-do-quinto","tag-tucano"],"aioseo_notices":[],"_links":{"self":[{"href":"https:\/\/www.portalalerta.com.br\/index.php\/wp-json\/wp\/v2\/posts\/49014","targetHints":{"allow":["GET"]}}],"collection":[{"href":"https:\/\/www.portalalerta.com.br\/index.php\/wp-json\/wp\/v2\/posts"}],"about":[{"href":"https:\/\/www.portalalerta.com.br\/index.php\/wp-json\/wp\/v2\/types\/post"}],"author":[{"embeddable":true,"href":"https:\/\/www.portalalerta.com.br\/index.php\/wp-json\/wp\/v2\/users\/2"}],"replies":[{"embeddable":true,"href":"https:\/\/www.portalalerta.com.br\/index.php\/wp-json\/wp\/v2\/comments?post=49014"}],"version-history":[{"count":1,"href":"https:\/\/www.portalalerta.com.br\/index.php\/wp-json\/wp\/v2\/posts\/49014\/revisions"}],"predecessor-version":[{"id":49016,"href":"https:\/\/www.portalalerta.com.br\/index.php\/wp-json\/wp\/v2\/posts\/49014\/revisions\/49016"}],"wp:featuredmedia":[{"embeddable":true,"href":"https:\/\/www.portalalerta.com.br\/index.php\/wp-json\/wp\/v2\/media\/49015"}],"wp:attachment":[{"href":"https:\/\/www.portalalerta.com.br\/index.php\/wp-json\/wp\/v2\/media?parent=49014"}],"wp:term":[{"taxonomy":"category","embeddable":true,"href":"https:\/\/www.portalalerta.com.br\/index.php\/wp-json\/wp\/v2\/categories?post=49014"},{"taxonomy":"post_tag","embeddable":true,"href":"https:\/\/www.portalalerta.com.br\/index.php\/wp-json\/wp\/v2\/tags?post=49014"}],"curies":[{"name":"wp","href":"https:\/\/api.w.org\/{rel}","templated":true}]}}