{"id":49017,"date":"2023-05-17T15:24:34","date_gmt":"2023-05-17T18:24:34","guid":{"rendered":"https:\/\/www.portalalerta.com.br\/?p=49017"},"modified":"2023-05-17T15:24:35","modified_gmt":"2023-05-17T18:24:35","slug":"maio-amarelo-estudantes-chamam-atencao-por-um-transito-seguro","status":"publish","type":"post","link":"https:\/\/www.portalalerta.com.br\/index.php\/2023\/05\/17\/maio-amarelo-estudantes-chamam-atencao-por-um-transito-seguro\/","title":{"rendered":"Maio Amarelo \u2013 Estudantes chamam aten\u00e7\u00e3o por um tr\u00e2nsito seguro"},"content":{"rendered":"\n<p>Nessa quarta-feira (17), a Prefeitura de Ribeira do Pomba-BAl promove a Campanha Maio Amarelo com participa\u00e7\u00e3o das escolas Joana Ang\u00e9lica e Col\u00e9gio Ev\u00eancia Brito (CEB), integrantes do Projeto Educa Tr\u00e2nsito, que v\u00e3o mobilizar os alunos a realizar a\u00e7\u00f5es de conscientiza\u00e7\u00e3o com passeata e blitz educativa nas ruas da cidade.<\/p>\n\n\n\n<!--more-->\n\n\n<div class=\"wp-block-image\">\n<figure class=\"alignleft size-full\"><img fetchpriority=\"high\" decoding=\"async\" width=\"400\" height=\"300\" src=\"https:\/\/www.portalalerta.com.br\/wp-content\/uploads\/2023\/01\/Auto-Escola-Sonho.jpg\" alt=\"\" class=\"wp-image-47083\" srcset=\"https:\/\/www.portalalerta.com.br\/wp-content\/uploads\/2023\/01\/Auto-Escola-Sonho.jpg 400w, https:\/\/www.portalalerta.com.br\/wp-content\/uploads\/2023\/01\/Auto-Escola-Sonho-320x240.jpg 320w\" sizes=\"(max-width: 400px) 100vw, 400px\" \/><\/figure><\/div>\n\n\n<p>A a\u00e7\u00e3o integra um conjunto de iniciativas que a Secretaria de Tr\u00e2nsito e Transporte realiza em parceria com as escolas integrantes do projeto Educa Tr\u00e2nsito, as quais durante esse m\u00eas de maio promovem a campanha nacional sobre conscientiza\u00e7\u00e3o que acontece em todo o Brasil, com o mesmo nome: Maio Amarelo.<\/p>\n\n\n\n<p>O dia come\u00e7ou com os alunos do CEB desfilando pelas principais avenidas da cidade com cartazes, faixas e m\u00fasicas tratando da import\u00e2ncia da conscientiza\u00e7\u00e3o por um tr\u00e2nsito mais seguro; em seguida foi a vez dos alunos da escola Joana Ang\u00e9lica, que contou com o apoia da GCM e da Pol\u00edcia Militar para realizar uma Blitz Educativa dialogando com os condutores de ve\u00edculos e distribuindo material educativo sobre o tema.<\/p>\n\n\n\n<p>Fonte: SECOM\/ Ribeira do Pombal<\/p>\n","protected":false},"excerpt":{"rendered":"<p>Nessa quarta-feira (17), a Prefeitura de Ribeira do Pomba-BAl promove a Campanha Maio Amarelo com participa\u00e7\u00e3o das escolas Joana Ang\u00e9lica e Col\u00e9gio Ev\u00eancia Brito (CEB), integrantes do Projeto Educa Tr\u00e2nsito, que v\u00e3o mobilizar os alunos a realizar a\u00e7\u00f5es de conscientiza\u00e7\u00e3o com passeata e blitz educativa nas ruas da cidade.<\/p>\n","protected":false},"author":2,"featured_media":49018,"comment_status":"open","ping_status":"open","sticky":false,"template":"","format":"standard","meta":{"om_disable_all_campaigns":false,"_monsterinsights_skip_tracking":false,"_monsterinsights_sitenote_active":false,"_monsterinsights_sitenote_note":"","_monsterinsights_sitenote_category":0,"footnotes":""},"categories":[70,20,69,32,3],"tags":[100,71,48,75,4178,4180,129,107,4181,132,230,2740,106,203,120,51,109,88,47,111,190],"class_list":["post-49017","post","type-post","status-publish","format-standard","has-post-thumbnail","hentry","category-destaques","category-educacao","category-noticias2","category-regiao","category-ribeira-do-pombal","tag-adustina","tag-antas","tag-araci","tag-cicero-dantas","tag-cipo-2","tag-crisopolis-2","tag-euclides-da-cunha","tag-fatima","tag-heliopolis-2","tag-itapicuru","tag-jeremoabo","tag-maio-amarelo","tag-nova-soure","tag-novo-triunfo","tag-olindina","tag-paripiranga","tag-quijingue","tag-ribeira-do-amparo","tag-ribeira-do-pombal","tag-sitio-do-quinto","tag-tucano"],"aioseo_notices":[],"_links":{"self":[{"href":"https:\/\/www.portalalerta.com.br\/index.php\/wp-json\/wp\/v2\/posts\/49017","targetHints":{"allow":["GET"]}}],"collection":[{"href":"https:\/\/www.portalalerta.com.br\/index.php\/wp-json\/wp\/v2\/posts"}],"about":[{"href":"https:\/\/www.portalalerta.com.br\/index.php\/wp-json\/wp\/v2\/types\/post"}],"author":[{"embeddable":true,"href":"https:\/\/www.portalalerta.com.br\/index.php\/wp-json\/wp\/v2\/users\/2"}],"replies":[{"embeddable":true,"href":"https:\/\/www.portalalerta.com.br\/index.php\/wp-json\/wp\/v2\/comments?post=49017"}],"version-history":[{"count":1,"href":"https:\/\/www.portalalerta.com.br\/index.php\/wp-json\/wp\/v2\/posts\/49017\/revisions"}],"predecessor-version":[{"id":49019,"href":"https:\/\/www.portalalerta.com.br\/index.php\/wp-json\/wp\/v2\/posts\/49017\/revisions\/49019"}],"wp:featuredmedia":[{"embeddable":true,"href":"https:\/\/www.portalalerta.com.br\/index.php\/wp-json\/wp\/v2\/media\/49018"}],"wp:attachment":[{"href":"https:\/\/www.portalalerta.com.br\/index.php\/wp-json\/wp\/v2\/media?parent=49017"}],"wp:term":[{"taxonomy":"category","embeddable":true,"href":"https:\/\/www.portalalerta.com.br\/index.php\/wp-json\/wp\/v2\/categories?post=49017"},{"taxonomy":"post_tag","embeddable":true,"href":"https:\/\/www.portalalerta.com.br\/index.php\/wp-json\/wp\/v2\/tags?post=49017"}],"curies":[{"name":"wp","href":"https:\/\/api.w.org\/{rel}","templated":true}]}}