{"id":49026,"date":"2023-05-17T22:07:30","date_gmt":"2023-05-18T01:07:30","guid":{"rendered":"https:\/\/www.portalalerta.com.br\/?p=49026"},"modified":"2023-05-17T22:07:31","modified_gmt":"2023-05-18T01:07:31","slug":"prf-ba-participa-do-evento-de-abertura-do-maio-amarelo-em-jeremoabo-ba","status":"publish","type":"post","link":"https:\/\/www.portalalerta.com.br\/index.php\/2023\/05\/17\/prf-ba-participa-do-evento-de-abertura-do-maio-amarelo-em-jeremoabo-ba\/","title":{"rendered":"PRF BA participa do evento de abertura do Maio Amarelo em Jeremoabo-BA"},"content":{"rendered":"\n<p>O evento contou com a presen\u00e7a de outras institui\u00e7\u00f5es ligadas a seguran\u00e7a, tr\u00e2nsito e sa\u00fade.<\/p>\n\n\n\n<!--more-->\n\n\n\n<p>A Pol\u00edcia Rodovi\u00e1ria Federal (PRF) participou nesta ter\u00e7a-feira (16), da cerim\u00f4nia de&nbsp;abertura&nbsp;da campanha&nbsp;Maio&nbsp;Amarelo&nbsp;na cidade de Jeremoabo-BA, que tem como foco educar e promover uma mudan\u00e7a de comportamento em busca de melhorar a seguran\u00e7a no tr\u00e2nsito.<\/p>\n\n\n<div class=\"wp-block-image\">\n<figure class=\"alignleft size-full is-resized\"><img fetchpriority=\"high\" decoding=\"async\" src=\"https:\/\/www.portalalerta.com.br\/wp-content\/uploads\/2022\/03\/Cred-Real.1.jpg\" alt=\"\" class=\"wp-image-41523\" width=\"401\" height=\"321\" srcset=\"https:\/\/www.portalalerta.com.br\/wp-content\/uploads\/2022\/03\/Cred-Real.1.jpg 500w, https:\/\/www.portalalerta.com.br\/wp-content\/uploads\/2022\/03\/Cred-Real.1-300x240.jpg 300w, https:\/\/www.portalalerta.com.br\/wp-content\/uploads\/2022\/03\/Cred-Real.1-183x146.jpg 183w, https:\/\/www.portalalerta.com.br\/wp-content\/uploads\/2022\/03\/Cred-Real.1-50x40.jpg 50w, https:\/\/www.portalalerta.com.br\/wp-content\/uploads\/2022\/03\/Cred-Real.1-94x75.jpg 94w\" sizes=\"(max-width: 401px) 100vw, 401px\" \/><\/figure><\/div>\n\n\n<p>O evento aconteceu nas depend\u00eancias do SINPROJER e contou com a participa\u00e7\u00e3o de diversas entidades p\u00fablicas e privadas que promovem a fiscaliza\u00e7\u00e3o de tr\u00e2nsito na cidade, al\u00e9m de outras institui\u00e7\u00f5es ligadas a seguran\u00e7a e sa\u00fade.<\/p>\n\n\n\n<p>O inspetor Jerailton Viana, lotado na Delegacia da PRF de Paulo Afonso, ministrou uma palestra com o tema: Acidente e Criminalidade.<\/p>\n\n\n\n<p>Durante todo o m\u00eas de maio, o Poder P\u00fablico e a sociedade civil estar\u00e3o engajados em centenas de pontos de todo o pa\u00eds levando conscientiza\u00e7\u00e3o e orienta\u00e7\u00f5es sobre o papel de cada um para a constru\u00e7\u00e3o de um tr\u00e2nsito mais seguro.<\/p>\n\n\n\n<p><em>Fonte: Gov.BR<\/em><\/p>\n","protected":false},"excerpt":{"rendered":"<p>O evento contou com a presen\u00e7a de outras institui\u00e7\u00f5es ligadas a seguran\u00e7a, tr\u00e2nsito e sa\u00fade.<\/p>\n","protected":false},"author":2,"featured_media":49027,"comment_status":"open","ping_status":"open","sticky":false,"template":"","format":"standard","meta":{"om_disable_all_campaigns":false,"_monsterinsights_skip_tracking":false,"_monsterinsights_sitenote_active":false,"_monsterinsights_sitenote_note":"","_monsterinsights_sitenote_category":0,"footnotes":""},"categories":[70,9,69,32],"tags":[100,71,48,75,4178,4180,129,107,4181,132,230,2740,106,203,120,51,149,109,88,47,111,190],"class_list":["post-49026","post","type-post","status-publish","format-standard","has-post-thumbnail","hentry","category-destaques","category-jeremoabo","category-noticias2","category-regiao","tag-adustina","tag-antas","tag-araci","tag-cicero-dantas","tag-cipo-2","tag-crisopolis-2","tag-euclides-da-cunha","tag-fatima","tag-heliopolis-2","tag-itapicuru","tag-jeremoabo","tag-maio-amarelo","tag-nova-soure","tag-novo-triunfo","tag-olindina","tag-paripiranga","tag-prf","tag-quijingue","tag-ribeira-do-amparo","tag-ribeira-do-pombal","tag-sitio-do-quinto","tag-tucano"],"aioseo_notices":[],"_links":{"self":[{"href":"https:\/\/www.portalalerta.com.br\/index.php\/wp-json\/wp\/v2\/posts\/49026","targetHints":{"allow":["GET"]}}],"collection":[{"href":"https:\/\/www.portalalerta.com.br\/index.php\/wp-json\/wp\/v2\/posts"}],"about":[{"href":"https:\/\/www.portalalerta.com.br\/index.php\/wp-json\/wp\/v2\/types\/post"}],"author":[{"embeddable":true,"href":"https:\/\/www.portalalerta.com.br\/index.php\/wp-json\/wp\/v2\/users\/2"}],"replies":[{"embeddable":true,"href":"https:\/\/www.portalalerta.com.br\/index.php\/wp-json\/wp\/v2\/comments?post=49026"}],"version-history":[{"count":1,"href":"https:\/\/www.portalalerta.com.br\/index.php\/wp-json\/wp\/v2\/posts\/49026\/revisions"}],"predecessor-version":[{"id":49028,"href":"https:\/\/www.portalalerta.com.br\/index.php\/wp-json\/wp\/v2\/posts\/49026\/revisions\/49028"}],"wp:featuredmedia":[{"embeddable":true,"href":"https:\/\/www.portalalerta.com.br\/index.php\/wp-json\/wp\/v2\/media\/49027"}],"wp:attachment":[{"href":"https:\/\/www.portalalerta.com.br\/index.php\/wp-json\/wp\/v2\/media?parent=49026"}],"wp:term":[{"taxonomy":"category","embeddable":true,"href":"https:\/\/www.portalalerta.com.br\/index.php\/wp-json\/wp\/v2\/categories?post=49026"},{"taxonomy":"post_tag","embeddable":true,"href":"https:\/\/www.portalalerta.com.br\/index.php\/wp-json\/wp\/v2\/tags?post=49026"}],"curies":[{"name":"wp","href":"https:\/\/api.w.org\/{rel}","templated":true}]}}