{"id":49029,"date":"2023-05-17T22:19:02","date_gmt":"2023-05-18T01:19:02","guid":{"rendered":"https:\/\/www.portalalerta.com.br\/?p=49029"},"modified":"2023-05-17T22:19:03","modified_gmt":"2023-05-18T01:19:03","slug":"criancas-sao-encontradas-com-vida-apos-16-dias-perdidas-na-amazonia-colombiana","status":"publish","type":"post","link":"https:\/\/www.portalalerta.com.br\/index.php\/2023\/05\/17\/criancas-sao-encontradas-com-vida-apos-16-dias-perdidas-na-amazonia-colombiana\/","title":{"rendered":"Crian\u00e7as s\u00e3o encontradas com vida ap\u00f3s 16 dias perdidas na Amaz\u00f4nia colombiana"},"content":{"rendered":"\n<p><strong>Grupo, incluindo beb\u00ea de 11 meses, ficou sozinho ap\u00f3s queda de avi\u00e3o que matou m\u00e3e das crian\u00e7as e outros dois adultos.<\/strong><\/p>\n\n\n\n<!--more-->\n\n\n\n<p>Quatro crian\u00e7as, incluindo um beb\u00ea de 11 meses, que estavam perdidas sozinhas na floresta amaz\u00f4nica da\u00a0Col\u00f4mbia\u00a0h\u00e1 16 dias foram encontradas vivas nesta quarta-feira (17). Os irm\u00e3os estavam em um avi\u00e3o que caiu no dia 1\u00b0 de maio, matando a m\u00e3e das crian\u00e7as e outros dois adultos.<\/p>\n\n\n<div class=\"wp-block-image\">\n<figure class=\"alignleft size-full is-resized\"><img fetchpriority=\"high\" decoding=\"async\" src=\"https:\/\/www.portalalerta.com.br\/wp-content\/uploads\/2021\/04\/ELAB.jpg\" alt=\"\" class=\"wp-image-34795\" width=\"385\" height=\"307\" srcset=\"https:\/\/www.portalalerta.com.br\/wp-content\/uploads\/2021\/04\/ELAB.jpg 1000w, https:\/\/www.portalalerta.com.br\/wp-content\/uploads\/2021\/04\/ELAB-300x240.jpg 300w, https:\/\/www.portalalerta.com.br\/wp-content\/uploads\/2021\/04\/ELAB-768x614.jpg 768w, https:\/\/www.portalalerta.com.br\/wp-content\/uploads\/2021\/04\/ELAB-183x146.jpg 183w, https:\/\/www.portalalerta.com.br\/wp-content\/uploads\/2021\/04\/ELAB-50x40.jpg 50w, https:\/\/www.portalalerta.com.br\/wp-content\/uploads\/2021\/04\/ELAB-94x75.jpg 94w\" sizes=\"(max-width: 385px) 100vw, 385px\" \/><\/figure><\/div>\n\n\n<p><strong><em>&#8220;Depois de \u00e1rduos esfor\u00e7os de busca de nossas for\u00e7as armadas, encontramos com vida as quatro crian\u00e7as desaparecidas na queda do avi\u00e3o&#8221;, disse Gustavo Petro, presidente colombiano, no Twitter. &#8220;Uma alegria para o pa\u00eds.&#8221;<\/em><\/strong><\/p>\n\n\n\n<p>Al\u00e9m do beb\u00ea, as crian\u00e7as t\u00eam 13, 9 e 4 anos e vivem em uma comunidade ind\u00edgena. O estado de sa\u00fade delas n\u00e3o foi divulgado.<\/p>\n\n\n\n<p><strong>Buscas<\/strong><\/p>\n\n\n\n<p>As condi\u00e7\u00f5es hostis do local dificultaram as buscas, batizadas de <strong><em>&#8220;Opera\u00e7\u00e3o Esperan\u00e7a&#8221;<\/em><\/strong>. Do ponto mais pr\u00f3ximo, os socorristas demoraram nove horas de navega\u00e7\u00e3o por rio para chegar \u00e0 regi\u00e3o do acidente e depois encontraram <strong><em>&#8220;\u00e1rvores de 30 a 40 metros&#8221;<\/em><\/strong> e \u00e1reas lamacentas, onde h\u00e1 <strong><em>&#8220;ra\u00edzes imensas&#8221;<\/em><\/strong>.<\/p>\n\n\n\n<p>A For\u00e7a A\u00e9rea chegou a sobrevoar a \u00e1rea de mata densa com um alto-falante reproduzindo uma mensagem gravada pela av\u00f3 dos menores. Em l\u00edngua huitoto, a mulher dizia aos netos que eram procurados e pedia-lhes que n\u00e3o avan\u00e7assem pela mata.<\/p>\n\n\n\n<p>Na ter\u00e7a feira (16), soldados e ind\u00edgenas de comunidades pr\u00f3ximas ao local da queda encontraram pertences e uma fruta mordida, o que os deu esperan\u00e7a de que as crian\u00e7as ainda estivessem vivas.<\/p>\n\n\n\n<p><strong>Acidente<\/strong><\/p>\n\n\n\n<p>No in\u00edcio do m\u00eas, a aeronave decolou de uma \u00e1rea de floresta conhecido como Araracuara rumo a San Jos\u00e9 del Guaviare, uma das principais cidades da Amaz\u00f4nia colombiana, a cerca de 390 km por terra de Bogot\u00e1, quando desapareceu dos radares.<\/p>\n\n\n\n<p>Segundo a Defesa Civil, o piloto reportou problemas no motor da aeronave antes do acidente.<\/p>\n\n\n\n<p><em>Fonte: G1<\/em><\/p>\n","protected":false},"excerpt":{"rendered":"<p>Grupo, incluindo beb\u00ea de 11 meses, ficou sozinho ap\u00f3s queda de avi\u00e3o que matou m\u00e3e das crian\u00e7as e outros dois adultos.<\/p>\n","protected":false},"author":2,"featured_media":49030,"comment_status":"open","ping_status":"open","sticky":false,"template":"","format":"standard","meta":{"om_disable_all_campaigns":false,"_monsterinsights_skip_tracking":false,"_monsterinsights_sitenote_active":false,"_monsterinsights_sitenote_note":"","_monsterinsights_sitenote_category":0,"footnotes":""},"categories":[70,35,69],"tags":[166,100,71,48,75,4178,992,1198,4180,129,107,4181,132,230,339,106,203,120,51,109,88,47,111,190],"class_list":["post-49029","post","type-post","status-publish","format-standard","has-post-thumbnail","hentry","category-destaques","category-mundo","category-noticias2","tag-acidente","tag-adustina","tag-antas","tag-araci","tag-cicero-dantas","tag-cipo-2","tag-colombia","tag-criancas","tag-crisopolis-2","tag-euclides-da-cunha","tag-fatima","tag-heliopolis-2","tag-itapicuru","tag-jeremoabo","tag-mundo","tag-nova-soure","tag-novo-triunfo","tag-olindina","tag-paripiranga","tag-quijingue","tag-ribeira-do-amparo","tag-ribeira-do-pombal","tag-sitio-do-quinto","tag-tucano"],"aioseo_notices":[],"_links":{"self":[{"href":"https:\/\/www.portalalerta.com.br\/index.php\/wp-json\/wp\/v2\/posts\/49029","targetHints":{"allow":["GET"]}}],"collection":[{"href":"https:\/\/www.portalalerta.com.br\/index.php\/wp-json\/wp\/v2\/posts"}],"about":[{"href":"https:\/\/www.portalalerta.com.br\/index.php\/wp-json\/wp\/v2\/types\/post"}],"author":[{"embeddable":true,"href":"https:\/\/www.portalalerta.com.br\/index.php\/wp-json\/wp\/v2\/users\/2"}],"replies":[{"embeddable":true,"href":"https:\/\/www.portalalerta.com.br\/index.php\/wp-json\/wp\/v2\/comments?post=49029"}],"version-history":[{"count":1,"href":"https:\/\/www.portalalerta.com.br\/index.php\/wp-json\/wp\/v2\/posts\/49029\/revisions"}],"predecessor-version":[{"id":49031,"href":"https:\/\/www.portalalerta.com.br\/index.php\/wp-json\/wp\/v2\/posts\/49029\/revisions\/49031"}],"wp:featuredmedia":[{"embeddable":true,"href":"https:\/\/www.portalalerta.com.br\/index.php\/wp-json\/wp\/v2\/media\/49030"}],"wp:attachment":[{"href":"https:\/\/www.portalalerta.com.br\/index.php\/wp-json\/wp\/v2\/media?parent=49029"}],"wp:term":[{"taxonomy":"category","embeddable":true,"href":"https:\/\/www.portalalerta.com.br\/index.php\/wp-json\/wp\/v2\/categories?post=49029"},{"taxonomy":"post_tag","embeddable":true,"href":"https:\/\/www.portalalerta.com.br\/index.php\/wp-json\/wp\/v2\/tags?post=49029"}],"curies":[{"name":"wp","href":"https:\/\/api.w.org\/{rel}","templated":true}]}}