{"id":49042,"date":"2023-05-18T15:05:56","date_gmt":"2023-05-18T18:05:56","guid":{"rendered":"https:\/\/www.portalalerta.com.br\/?p=49042"},"modified":"2023-05-18T15:05:58","modified_gmt":"2023-05-18T18:05:58","slug":"acidente-fatal-com-moto-tira-a-vida-de-agricultor-na-zona-rural-euclides-da-cunha-ba","status":"publish","type":"post","link":"https:\/\/www.portalalerta.com.br\/index.php\/2023\/05\/18\/acidente-fatal-com-moto-tira-a-vida-de-agricultor-na-zona-rural-euclides-da-cunha-ba\/","title":{"rendered":"Acidente fatal com moto tira a vida de agricultor, na zona rural Euclides da Cunha-BA"},"content":{"rendered":"\n<p>Um acidente envolvendo uma motocicleta resultou na morte de Jo\u00e3o Batista, um agricultor residente do povoado de Bananeira, zona rural do munic\u00edpio de Euclides da Cunha-BA. O acidente aconteceu na manh\u00e3 da \u00faltima segunda-feira (15), na localidade do aldeamento de Massacar\u00e1, em territ\u00f3rio euclidense.<\/p>\n\n\n\n<!--more-->\n\n\n\n<p>Segundo informa\u00e7\u00f5es obtidas, o acidente ocorreu em uma estrada de terra nas proximidades da aldeia Kaimb\u00e9. Jo\u00e3o Batista estava pilotando sua motocicleta quando, por motivos ainda desconhecidos, perdeu o controle do ve\u00edculo.<\/p>\n\n\n\n<p>N\u00e3o h\u00e1 informa\u00e7\u00e3o se havia mais algu\u00e9m na garupa da motocicleta.<\/p>\n\n\n\n<p>A Pol\u00edcia Militar foi designada ao local para atender a ocorr\u00eancia.<\/p>\n\n\n\n<p>Fonte: euclidesdacunha.com<\/p>\n","protected":false},"excerpt":{"rendered":"<p>Um acidente envolvendo uma motocicleta resultou na morte de Jo\u00e3o Batista, um agricultor residente do povoado de Bananeira, zona rural do munic\u00edpio de Euclides da Cunha-BA. O acidente aconteceu na manh\u00e3 da \u00faltima segunda-feira (15), na localidade do aldeamento de Massacar\u00e1, em territ\u00f3rio euclidense.<\/p>\n","protected":false},"author":2,"featured_media":49043,"comment_status":"open","ping_status":"open","sticky":false,"template":"","format":"standard","meta":{"om_disable_all_campaigns":false,"_monsterinsights_skip_tracking":false,"_monsterinsights_sitenote_active":false,"_monsterinsights_sitenote_note":"","_monsterinsights_sitenote_category":0,"footnotes":""},"categories":[70,17,69,32],"tags":[166,100,71,48,75,4178,4180,129,107,4181,132,230,169,106,203,120,51,109,88,47,111],"class_list":["post-49042","post","type-post","status-publish","format-standard","has-post-thumbnail","hentry","category-destaques","category-euclides-da-cunha","category-noticias2","category-regiao","tag-acidente","tag-adustina","tag-antas","tag-araci","tag-cicero-dantas","tag-cipo-2","tag-crisopolis-2","tag-euclides-da-cunha","tag-fatima","tag-heliopolis-2","tag-itapicuru","tag-jeremoabo","tag-morte","tag-nova-soure","tag-novo-triunfo","tag-olindina","tag-paripiranga","tag-quijingue","tag-ribeira-do-amparo","tag-ribeira-do-pombal","tag-sitio-do-quinto"],"aioseo_notices":[],"_links":{"self":[{"href":"https:\/\/www.portalalerta.com.br\/index.php\/wp-json\/wp\/v2\/posts\/49042","targetHints":{"allow":["GET"]}}],"collection":[{"href":"https:\/\/www.portalalerta.com.br\/index.php\/wp-json\/wp\/v2\/posts"}],"about":[{"href":"https:\/\/www.portalalerta.com.br\/index.php\/wp-json\/wp\/v2\/types\/post"}],"author":[{"embeddable":true,"href":"https:\/\/www.portalalerta.com.br\/index.php\/wp-json\/wp\/v2\/users\/2"}],"replies":[{"embeddable":true,"href":"https:\/\/www.portalalerta.com.br\/index.php\/wp-json\/wp\/v2\/comments?post=49042"}],"version-history":[{"count":1,"href":"https:\/\/www.portalalerta.com.br\/index.php\/wp-json\/wp\/v2\/posts\/49042\/revisions"}],"predecessor-version":[{"id":49044,"href":"https:\/\/www.portalalerta.com.br\/index.php\/wp-json\/wp\/v2\/posts\/49042\/revisions\/49044"}],"wp:featuredmedia":[{"embeddable":true,"href":"https:\/\/www.portalalerta.com.br\/index.php\/wp-json\/wp\/v2\/media\/49043"}],"wp:attachment":[{"href":"https:\/\/www.portalalerta.com.br\/index.php\/wp-json\/wp\/v2\/media?parent=49042"}],"wp:term":[{"taxonomy":"category","embeddable":true,"href":"https:\/\/www.portalalerta.com.br\/index.php\/wp-json\/wp\/v2\/categories?post=49042"},{"taxonomy":"post_tag","embeddable":true,"href":"https:\/\/www.portalalerta.com.br\/index.php\/wp-json\/wp\/v2\/tags?post=49042"}],"curies":[{"name":"wp","href":"https:\/\/api.w.org\/{rel}","templated":true}]}}