{"id":49045,"date":"2023-05-18T15:13:14","date_gmt":"2023-05-18T18:13:14","guid":{"rendered":"https:\/\/www.portalalerta.com.br\/?p=49045"},"modified":"2023-05-18T15:13:15","modified_gmt":"2023-05-18T18:13:15","slug":"em-crise-marisa-anuncia-o-fechamento-de-91-lojas-no-brasil","status":"publish","type":"post","link":"https:\/\/www.portalalerta.com.br\/index.php\/2023\/05\/18\/em-crise-marisa-anuncia-o-fechamento-de-91-lojas-no-brasil\/","title":{"rendered":"Em crise, Marisa anuncia o fechamento de 91 lojas no Brasil"},"content":{"rendered":"\n<p><strong>Empresa afirma que unidades escolhidas apresentam gera\u00e7\u00e3o sistem\u00e1tica de caixa negativo<\/strong><\/p>\n\n\n\n<!--more-->\n\n\n\n<p>Ap\u00f3s credores\u00a0ingressarem na Justi\u00e7a para pedir a fal\u00eancia da Marisa, a empresa anunciou que fechar\u00e1 91 lojas em todo o Brasil na tentativa de regularizar a situa\u00e7\u00e3o financeira.<\/p>\n\n\n<div class=\"wp-block-image\">\n<figure class=\"alignleft size-full is-resized\"><img fetchpriority=\"high\" decoding=\"async\" src=\"https:\/\/www.portalalerta.com.br\/wp-content\/uploads\/2021\/04\/ELAB.jpg\" alt=\"\" class=\"wp-image-34795\" width=\"400\" height=\"319\" srcset=\"https:\/\/www.portalalerta.com.br\/wp-content\/uploads\/2021\/04\/ELAB.jpg 1000w, https:\/\/www.portalalerta.com.br\/wp-content\/uploads\/2021\/04\/ELAB-300x240.jpg 300w, https:\/\/www.portalalerta.com.br\/wp-content\/uploads\/2021\/04\/ELAB-768x614.jpg 768w, https:\/\/www.portalalerta.com.br\/wp-content\/uploads\/2021\/04\/ELAB-183x146.jpg 183w, https:\/\/www.portalalerta.com.br\/wp-content\/uploads\/2021\/04\/ELAB-50x40.jpg 50w, https:\/\/www.portalalerta.com.br\/wp-content\/uploads\/2021\/04\/ELAB-94x75.jpg 94w\" sizes=\"(max-width: 400px) 100vw, 400px\" \/><\/figure><\/div>\n\n\n<p>A varejista afirma que as unidades escolhidas apresentam gera\u00e7\u00e3o sistem\u00e1tica de caixa negativo e a decis\u00e3o faz parte do&nbsp;<strong>Programa de Efici\u00eancia Operacional<\/strong>.&nbsp;<\/p>\n\n\n\n<p>De acordo com a empresa, 51 das lojas j\u00e1 tiveram suas opera\u00e7\u00f5es encerradas e as 40 demais fechar\u00e3o as portas nos pr\u00f3ximos meses.&nbsp;<strong>Cada unidade da varejista emprega, em m\u00e9dia, 20 profissionais<\/strong>.<\/p>\n\n\n\n<p>Com a a\u00e7\u00e3o, a Marisa estima aumentar seu Ebitda (lucro antes de juros, impostos, deprecia\u00e7\u00e3o e amortiza\u00e7\u00e3o) em R$ 62 milh\u00f5es na base anual. De acordo com os credores que buscam reverter seus preju\u00edzos na Justi\u00e7a, as d\u00edvidas da empresa superam R$ 882 mil.<\/p>\n\n\n\n<p>Os d\u00e9bitos s\u00e3o com a MGM Com\u00e9rcio de Acess\u00f3rios de Moda, no valor de R$ 363.562,44, com a Plas\u00fatil Ind\u00fastria e Com\u00e9rcios de Pl\u00e1sticos, de R$ 173.501,42, e com a Oneflip Ind\u00fastria e Cal\u00e7ados, de R$ 345.733,98.<\/p>\n\n\n\n<p>O reestruturador de empresas Jo\u00e3o Pinheiro Nogueira Batista, que assumiu o comando das Lojas Marisa h\u00e1 pouco mais de um m\u00eas, disse que a concorr\u00eancia com as varejistas internacionais, como a Shein, prejudicou a companhia.<\/p>\n\n\n\n<p><em>Fonte: R7<\/em><\/p>\n","protected":false},"excerpt":{"rendered":"<p>Empresa afirma que unidades escolhidas apresentam gera\u00e7\u00e3o sistem\u00e1tica de caixa negativo<\/p>\n","protected":false},"author":2,"featured_media":49046,"comment_status":"open","ping_status":"open","sticky":false,"template":"","format":"standard","meta":{"om_disable_all_campaigns":false,"_monsterinsights_skip_tracking":false,"_monsterinsights_sitenote_active":false,"_monsterinsights_sitenote_note":"","_monsterinsights_sitenote_category":0,"footnotes":""},"categories":[34,70,69],"tags":[100,71,48,93,75,4178,1901,4180,129,107,2701,4181,132,230,4558,6101,106,203,120,51,109,88,47,111,190],"class_list":["post-49045","post","type-post","status-publish","format-standard","has-post-thumbnail","hentry","category-brasil","category-destaques","category-noticias2","tag-adustina","tag-antas","tag-araci","tag-brasil","tag-cicero-dantas","tag-cipo-2","tag-crise","tag-crisopolis-2","tag-euclides-da-cunha","tag-fatima","tag-fechamento","tag-heliopolis-2","tag-itapicuru","tag-jeremoabo","tag-lojas","tag-marisa","tag-nova-soure","tag-novo-triunfo","tag-olindina","tag-paripiranga","tag-quijingue","tag-ribeira-do-amparo","tag-ribeira-do-pombal","tag-sitio-do-quinto","tag-tucano"],"aioseo_notices":[],"_links":{"self":[{"href":"https:\/\/www.portalalerta.com.br\/index.php\/wp-json\/wp\/v2\/posts\/49045","targetHints":{"allow":["GET"]}}],"collection":[{"href":"https:\/\/www.portalalerta.com.br\/index.php\/wp-json\/wp\/v2\/posts"}],"about":[{"href":"https:\/\/www.portalalerta.com.br\/index.php\/wp-json\/wp\/v2\/types\/post"}],"author":[{"embeddable":true,"href":"https:\/\/www.portalalerta.com.br\/index.php\/wp-json\/wp\/v2\/users\/2"}],"replies":[{"embeddable":true,"href":"https:\/\/www.portalalerta.com.br\/index.php\/wp-json\/wp\/v2\/comments?post=49045"}],"version-history":[{"count":1,"href":"https:\/\/www.portalalerta.com.br\/index.php\/wp-json\/wp\/v2\/posts\/49045\/revisions"}],"predecessor-version":[{"id":49047,"href":"https:\/\/www.portalalerta.com.br\/index.php\/wp-json\/wp\/v2\/posts\/49045\/revisions\/49047"}],"wp:featuredmedia":[{"embeddable":true,"href":"https:\/\/www.portalalerta.com.br\/index.php\/wp-json\/wp\/v2\/media\/49046"}],"wp:attachment":[{"href":"https:\/\/www.portalalerta.com.br\/index.php\/wp-json\/wp\/v2\/media?parent=49045"}],"wp:term":[{"taxonomy":"category","embeddable":true,"href":"https:\/\/www.portalalerta.com.br\/index.php\/wp-json\/wp\/v2\/categories?post=49045"},{"taxonomy":"post_tag","embeddable":true,"href":"https:\/\/www.portalalerta.com.br\/index.php\/wp-json\/wp\/v2\/tags?post=49045"}],"curies":[{"name":"wp","href":"https:\/\/api.w.org\/{rel}","templated":true}]}}