{"id":4905,"date":"2018-02-22T12:23:39","date_gmt":"2018-02-22T15:23:39","guid":{"rendered":"http:\/\/www.portalalerta.com.br\/?p=4905"},"modified":"2018-02-22T12:23:39","modified_gmt":"2018-02-22T15:23:39","slug":"professor-pachecao-abre-jornada-pedagogica-2018-com-aula-show-em-ribeira-do-pombal","status":"publish","type":"post","link":"https:\/\/www.portalalerta.com.br\/index.php\/2018\/02\/22\/professor-pachecao-abre-jornada-pedagogica-2018-com-aula-show-em-ribeira-do-pombal\/","title":{"rendered":"Professor Pachec\u00e3o Abre Jornada Pedag\u00f3gica 2018 com aula show em Ribeira do Pombal"},"content":{"rendered":"<p style=\"text-align: justify;\">\u201c<em>O mundo \u00e9 dos loucos. Eles n\u00e3o esperam previsibilidade. Eles acreditam, v\u00e3o l\u00e1 e realizam. Encaram seus medos. Os normais apenas os seguem<\/em>\u201d. A mensagem foi transmitida na \u00faltima ter\u00e7a-feira, 20, pelo Prof. Pachec\u00e3o, palestrante motivacional que participou da abertura do ano letivo 2018 na Jornada Pedag\u00f3gica. Tamb\u00e9m se apresentaram o cantor pombalense, Rodrig\u00e3o e um grupo de estudantes da comunidade Tapera, que encenou o cl\u00e1ssico da literatura brasileira, Morte e vida Severina.<!--more--><\/p>\n<p style=\"text-align: justify;\"><img decoding=\"async\" class=\"size-full wp-image-2814 alignleft\" src=\"http:\/\/www.portalalerta.com.br\/wp-content\/uploads\/2017\/11\/banner9.png\" alt=\"\" width=\"270\" height=\"174\" srcset=\"https:\/\/www.portalalerta.com.br\/wp-content\/uploads\/2017\/11\/banner9.png 270w, https:\/\/www.portalalerta.com.br\/wp-content\/uploads\/2017\/11\/banner9-227x146.png 227w, https:\/\/www.portalalerta.com.br\/wp-content\/uploads\/2017\/11\/banner9-50x32.png 50w, https:\/\/www.portalalerta.com.br\/wp-content\/uploads\/2017\/11\/banner9-116x75.png 116w\" sizes=\"(max-width: 270px) 100vw, 270px\" \/>Al\u00e9m dos professores, participaram da abertura da Jornada, representantes dos tr\u00eas poderes p\u00fablicos, o Simproerp, NTE (antiga Direc), conselheiros da Educa\u00e7\u00e3o e do Fundeb, o secret\u00e1rio de educa\u00e7\u00e3o Roberto Alc\u00e2ntara (Bebeto), e o prefeito municipal Ricardo Maia que falou das perspectivas para esse ano de 2018, atrav\u00e9s de fortes investimentos e interven\u00e7\u00f5es que v\u00e3o continuar a trajet\u00f3ria de aperfei\u00e7oamento da educa\u00e7\u00e3o pombalense.<\/p>\n<figure id=\"attachment_4907\" aria-describedby=\"caption-attachment-4907\" style=\"width: 500px\" class=\"wp-caption aligncenter\"><img fetchpriority=\"high\" decoding=\"async\" class=\"wp-image-4907 size-full\" src=\"http:\/\/www.portalalerta.com.br\/wp-content\/uploads\/2018\/02\/Jornada-Pedag\u00f3gica-em-Ribeira-do-Pombal-2018.3.jpg\" alt=\"\" width=\"500\" height=\"300\" srcset=\"https:\/\/www.portalalerta.com.br\/wp-content\/uploads\/2018\/02\/Jornada-Pedag\u00f3gica-em-Ribeira-do-Pombal-2018.3.jpg 500w, https:\/\/www.portalalerta.com.br\/wp-content\/uploads\/2018\/02\/Jornada-Pedag\u00f3gica-em-Ribeira-do-Pombal-2018.3-400x240.jpg 400w, https:\/\/www.portalalerta.com.br\/wp-content\/uploads\/2018\/02\/Jornada-Pedag\u00f3gica-em-Ribeira-do-Pombal-2018.3-243x146.jpg 243w, https:\/\/www.portalalerta.com.br\/wp-content\/uploads\/2018\/02\/Jornada-Pedag\u00f3gica-em-Ribeira-do-Pombal-2018.3-50x30.jpg 50w, https:\/\/www.portalalerta.com.br\/wp-content\/uploads\/2018\/02\/Jornada-Pedag\u00f3gica-em-Ribeira-do-Pombal-2018.3-125x75.jpg 125w, https:\/\/www.portalalerta.com.br\/wp-content\/uploads\/2018\/02\/Jornada-Pedag\u00f3gica-em-Ribeira-do-Pombal-2018.3-250x150.jpg 250w\" sizes=\"(max-width: 500px) 100vw, 500px\" \/><figcaption id=\"caption-attachment-4907\" class=\"wp-caption-text\">P\u00fablico presente<\/figcaption><\/figure>\n<p style=\"text-align: justify;\">O prefeito aproveitou para dar as boas vindas ao novo secret\u00e1rio que a partir desse ano assume a pasta da educa\u00e7\u00e3o lhe recomendando \u201cmuita serenidade\u201d. Ao final todos aproveitaram as palavras do palestrante e, ap\u00f3s, foram convidados para um coquetel servido no pr\u00f3prio local. A jornada vai at\u00e9 o dia 22 e dever\u00e1 consolidar o planejamento para o ano letivo, a partir da reflex\u00e3o sobre metas e estrat\u00e9gias para melhoria dos processos de ensino e de aprendizagem.<\/p>\n<figure id=\"attachment_4908\" aria-describedby=\"caption-attachment-4908\" style=\"width: 500px\" class=\"wp-caption aligncenter\"><img decoding=\"async\" class=\"wp-image-4908 size-full\" src=\"http:\/\/www.portalalerta.com.br\/wp-content\/uploads\/2018\/02\/Jornada-Pedag\u00f3gica-em-Ribeira-do-Pombal-2018.2.jpg\" alt=\"\" width=\"500\" height=\"300\" srcset=\"https:\/\/www.portalalerta.com.br\/wp-content\/uploads\/2018\/02\/Jornada-Pedag\u00f3gica-em-Ribeira-do-Pombal-2018.2.jpg 500w, https:\/\/www.portalalerta.com.br\/wp-content\/uploads\/2018\/02\/Jornada-Pedag\u00f3gica-em-Ribeira-do-Pombal-2018.2-400x240.jpg 400w, https:\/\/www.portalalerta.com.br\/wp-content\/uploads\/2018\/02\/Jornada-Pedag\u00f3gica-em-Ribeira-do-Pombal-2018.2-243x146.jpg 243w, https:\/\/www.portalalerta.com.br\/wp-content\/uploads\/2018\/02\/Jornada-Pedag\u00f3gica-em-Ribeira-do-Pombal-2018.2-50x30.jpg 50w, https:\/\/www.portalalerta.com.br\/wp-content\/uploads\/2018\/02\/Jornada-Pedag\u00f3gica-em-Ribeira-do-Pombal-2018.2-125x75.jpg 125w, https:\/\/www.portalalerta.com.br\/wp-content\/uploads\/2018\/02\/Jornada-Pedag\u00f3gica-em-Ribeira-do-Pombal-2018.2-250x150.jpg 250w\" sizes=\"(max-width: 500px) 100vw, 500px\" \/><figcaption id=\"caption-attachment-4908\" class=\"wp-caption-text\">Prefeito Ricardo Maia, Secret\u00e1rio Bebeto, e representantes da educa\u00e7\u00e3o municipal<\/figcaption><\/figure>\n<p style=\"text-align: justify;\"><em>Fonte: SECOM\/ Ribeira do Pombal\u00a0<\/em><\/p>\n","protected":false},"excerpt":{"rendered":"<p>\u201cO mundo \u00e9 dos loucos. Eles n\u00e3o esperam previsibilidade. Eles acreditam, v\u00e3o l\u00e1 e realizam. Encaram seus medos. Os normais apenas os seguem\u201d. A mensagem foi transmitida na \u00faltima ter\u00e7a-feira, 20, pelo Prof. Pachec\u00e3o, palestrante motivacional que participou da abertura do ano letivo 2018 na Jornada Pedag\u00f3gica. Tamb\u00e9m se apresentaram o cantor pombalense, Rodrig\u00e3o e &hellip;<\/p>\n","protected":false},"author":2,"featured_media":4909,"comment_status":"closed","ping_status":"open","sticky":false,"template":"","format":"standard","meta":{"om_disable_all_campaigns":false,"_monsterinsights_skip_tracking":false,"_monsterinsights_sitenote_active":false,"_monsterinsights_sitenote_note":"","_monsterinsights_sitenote_category":0,"footnotes":""},"categories":[70,20,69,21,32,3],"tags":[124,572,47],"class_list":["post-4905","post","type-post","status-publish","format-standard","has-post-thumbnail","hentry","category-destaques","category-educacao","category-noticias2","category-politica","category-regiao","category-ribeira-do-pombal","tag-124","tag-jornada-pedagogica","tag-ribeira-do-pombal"],"aioseo_notices":[],"_links":{"self":[{"href":"https:\/\/www.portalalerta.com.br\/index.php\/wp-json\/wp\/v2\/posts\/4905","targetHints":{"allow":["GET"]}}],"collection":[{"href":"https:\/\/www.portalalerta.com.br\/index.php\/wp-json\/wp\/v2\/posts"}],"about":[{"href":"https:\/\/www.portalalerta.com.br\/index.php\/wp-json\/wp\/v2\/types\/post"}],"author":[{"embeddable":true,"href":"https:\/\/www.portalalerta.com.br\/index.php\/wp-json\/wp\/v2\/users\/2"}],"replies":[{"embeddable":true,"href":"https:\/\/www.portalalerta.com.br\/index.php\/wp-json\/wp\/v2\/comments?post=4905"}],"version-history":[{"count":0,"href":"https:\/\/www.portalalerta.com.br\/index.php\/wp-json\/wp\/v2\/posts\/4905\/revisions"}],"wp:featuredmedia":[{"embeddable":true,"href":"https:\/\/www.portalalerta.com.br\/index.php\/wp-json\/wp\/v2\/media\/4909"}],"wp:attachment":[{"href":"https:\/\/www.portalalerta.com.br\/index.php\/wp-json\/wp\/v2\/media?parent=4905"}],"wp:term":[{"taxonomy":"category","embeddable":true,"href":"https:\/\/www.portalalerta.com.br\/index.php\/wp-json\/wp\/v2\/categories?post=4905"},{"taxonomy":"post_tag","embeddable":true,"href":"https:\/\/www.portalalerta.com.br\/index.php\/wp-json\/wp\/v2\/tags?post=4905"}],"curies":[{"name":"wp","href":"https:\/\/api.w.org\/{rel}","templated":true}]}}