{"id":49051,"date":"2023-05-18T19:25:52","date_gmt":"2023-05-18T22:25:52","guid":{"rendered":"https:\/\/www.portalalerta.com.br\/?p=49051"},"modified":"2023-05-18T19:25:53","modified_gmt":"2023-05-18T22:25:53","slug":"trator-agricola-e-engolido-por-vala-em-euclides-da-cunha-ba","status":"publish","type":"post","link":"https:\/\/www.portalalerta.com.br\/index.php\/2023\/05\/18\/trator-agricola-e-engolido-por-vala-em-euclides-da-cunha-ba\/","title":{"rendered":"<strong>Trator agr\u00edcola \u00e9 \u201cengolido\u201d por vala em Euclides da Cunha-BA<\/strong>"},"content":{"rendered":"\n<p>Na manh\u00e3 desta quarta-feira (17), um trator agr\u00edcola foi retirado de uma vala na zona rural do munic\u00edpio de Euclides da Cunha-BA, mais especificamente na localidade de Ch\u00e3o Vermelho, que fica perto do bairro Nova Am\u00e9rica. Na ocasi\u00e3o, dois caminh\u00f5es guincho foram utilizados para retirar o trator.<\/p>\n\n\n\n<!--more-->\n\n\n<div class=\"wp-block-image\">\n<figure class=\"alignleft size-full is-resized\"><img fetchpriority=\"high\" decoding=\"async\" src=\"https:\/\/www.portalalerta.com.br\/wp-content\/uploads\/2022\/03\/Cred-Real.1.jpg\" alt=\"\" class=\"wp-image-41523\" width=\"380\" height=\"304\" srcset=\"https:\/\/www.portalalerta.com.br\/wp-content\/uploads\/2022\/03\/Cred-Real.1.jpg 500w, https:\/\/www.portalalerta.com.br\/wp-content\/uploads\/2022\/03\/Cred-Real.1-300x240.jpg 300w, https:\/\/www.portalalerta.com.br\/wp-content\/uploads\/2022\/03\/Cred-Real.1-183x146.jpg 183w, https:\/\/www.portalalerta.com.br\/wp-content\/uploads\/2022\/03\/Cred-Real.1-50x40.jpg 50w, https:\/\/www.portalalerta.com.br\/wp-content\/uploads\/2022\/03\/Cred-Real.1-94x75.jpg 94w\" sizes=\"(max-width: 380px) 100vw, 380px\" \/><\/figure><\/div>\n\n\n<p>A vala, com aproximadamente 8 metros de extens\u00e3o e 3 metros de profundidade, fica em uma \u00e1rea privada. O trator caiu no local durante o servi\u00e7o de ara\u00e7\u00e3o.<\/p>\n\n\n\n<p>De acordo com informa\u00e7\u00f5es, n\u00e3o houve feridos durante o acidente. O trator ficou com a capota danificada.<\/p>\n\n\n\n<p>Ainda n\u00e3o se sabe se a vala foi causada por quest\u00f5es geol\u00f3gicas. O local fica pr\u00f3ximo a um dos sumidouros (dolinas) que h\u00e1 no munic\u00edpio de Euclides da Cunha e que escoa \u00e1guas da chuva pelo subsolo \u2013 fator que lembra a cratera que se abriu no centro da cidade, no ano de 2004.<\/p>\n\n\n\n<p>&nbsp;<em>Fonte: euclidesdacunha.com<\/em><\/p>\n","protected":false},"excerpt":{"rendered":"<p>Na manh\u00e3 desta quarta-feira (17), um trator agr\u00edcola foi retirado de uma vala na zona rural do munic\u00edpio de Euclides da Cunha-BA, mais especificamente na localidade de Ch\u00e3o Vermelho, que fica perto do bairro Nova Am\u00e9rica. Na ocasi\u00e3o, dois caminh\u00f5es guincho foram utilizados para retirar o trator.<\/p>\n","protected":false},"author":2,"featured_media":49052,"comment_status":"open","ping_status":"open","sticky":false,"template":"","format":"standard","meta":{"om_disable_all_campaigns":false,"_monsterinsights_skip_tracking":false,"_monsterinsights_sitenote_active":false,"_monsterinsights_sitenote_note":"","_monsterinsights_sitenote_category":0,"footnotes":""},"categories":[70,17,69,32],"tags":[166,100,71,48,75,4178,4180,129,107,4181,132,230,106,203,120,51,109,88,47,111,6102,190],"class_list":["post-49051","post","type-post","status-publish","format-standard","has-post-thumbnail","hentry","category-destaques","category-euclides-da-cunha","category-noticias2","category-regiao","tag-acidente","tag-adustina","tag-antas","tag-araci","tag-cicero-dantas","tag-cipo-2","tag-crisopolis-2","tag-euclides-da-cunha","tag-fatima","tag-heliopolis-2","tag-itapicuru","tag-jeremoabo","tag-nova-soure","tag-novo-triunfo","tag-olindina","tag-paripiranga","tag-quijingue","tag-ribeira-do-amparo","tag-ribeira-do-pombal","tag-sitio-do-quinto","tag-trator","tag-tucano"],"aioseo_notices":[],"_links":{"self":[{"href":"https:\/\/www.portalalerta.com.br\/index.php\/wp-json\/wp\/v2\/posts\/49051","targetHints":{"allow":["GET"]}}],"collection":[{"href":"https:\/\/www.portalalerta.com.br\/index.php\/wp-json\/wp\/v2\/posts"}],"about":[{"href":"https:\/\/www.portalalerta.com.br\/index.php\/wp-json\/wp\/v2\/types\/post"}],"author":[{"embeddable":true,"href":"https:\/\/www.portalalerta.com.br\/index.php\/wp-json\/wp\/v2\/users\/2"}],"replies":[{"embeddable":true,"href":"https:\/\/www.portalalerta.com.br\/index.php\/wp-json\/wp\/v2\/comments?post=49051"}],"version-history":[{"count":1,"href":"https:\/\/www.portalalerta.com.br\/index.php\/wp-json\/wp\/v2\/posts\/49051\/revisions"}],"predecessor-version":[{"id":49053,"href":"https:\/\/www.portalalerta.com.br\/index.php\/wp-json\/wp\/v2\/posts\/49051\/revisions\/49053"}],"wp:featuredmedia":[{"embeddable":true,"href":"https:\/\/www.portalalerta.com.br\/index.php\/wp-json\/wp\/v2\/media\/49052"}],"wp:attachment":[{"href":"https:\/\/www.portalalerta.com.br\/index.php\/wp-json\/wp\/v2\/media?parent=49051"}],"wp:term":[{"taxonomy":"category","embeddable":true,"href":"https:\/\/www.portalalerta.com.br\/index.php\/wp-json\/wp\/v2\/categories?post=49051"},{"taxonomy":"post_tag","embeddable":true,"href":"https:\/\/www.portalalerta.com.br\/index.php\/wp-json\/wp\/v2\/tags?post=49051"}],"curies":[{"name":"wp","href":"https:\/\/api.w.org\/{rel}","templated":true}]}}