{"id":49054,"date":"2023-05-18T19:40:03","date_gmt":"2023-05-18T22:40:03","guid":{"rendered":"https:\/\/www.portalalerta.com.br\/?p=49054"},"modified":"2023-05-18T19:40:04","modified_gmt":"2023-05-18T22:40:04","slug":"camara-rejeita-articulacao-politica-para-salvar-dallagnol-lira-vai-dar-tramite-burocratico-a-decisao-da-justica","status":"publish","type":"post","link":"https:\/\/www.portalalerta.com.br\/index.php\/2023\/05\/18\/camara-rejeita-articulacao-politica-para-salvar-dallagnol-lira-vai-dar-tramite-burocratico-a-decisao-da-justica\/","title":{"rendered":"C\u00e2mara rejeita articula\u00e7\u00e3o pol\u00edtica para salvar Dallagnol; Lira vai dar tr\u00e2mite burocr\u00e1tico \u00e0 decis\u00e3o da Justi\u00e7a"},"content":{"rendered":"\n<p><strong>Ex-procurador da Lava Jato teve mandato cassado pelo TSE. Aliados contavam com uma salva\u00e7\u00e3o na C\u00e2mara \u2013 mas presidente da Casa indicou que isso n\u00e3o deve acontecer.<\/strong><\/p>\n\n\n\n<!--more-->\n\n\n\n<p>O presidente da C\u00e2mara, Arthur Lira (PP-AL), e l\u00edderes dos principais partidos da Casa rejeitam articular ou patrocinar uma opera\u00e7\u00e3o para salvar o mandato de Deltan Dallagnol (Podemos-PR), que teve o registro cassado pelo Tribunal Superior Eleitoral (TSE).<\/p>\n\n\n<div class=\"wp-block-image\">\n<figure class=\"alignleft size-full is-resized\"><img fetchpriority=\"high\" decoding=\"async\" src=\"https:\/\/www.portalalerta.com.br\/wp-content\/uploads\/2021\/04\/ELAB.jpg\" alt=\"\" class=\"wp-image-34795\" width=\"407\" height=\"325\" srcset=\"https:\/\/www.portalalerta.com.br\/wp-content\/uploads\/2021\/04\/ELAB.jpg 1000w, https:\/\/www.portalalerta.com.br\/wp-content\/uploads\/2021\/04\/ELAB-300x240.jpg 300w, https:\/\/www.portalalerta.com.br\/wp-content\/uploads\/2021\/04\/ELAB-768x614.jpg 768w, https:\/\/www.portalalerta.com.br\/wp-content\/uploads\/2021\/04\/ELAB-183x146.jpg 183w, https:\/\/www.portalalerta.com.br\/wp-content\/uploads\/2021\/04\/ELAB-50x40.jpg 50w, https:\/\/www.portalalerta.com.br\/wp-content\/uploads\/2021\/04\/ELAB-94x75.jpg 94w\" sizes=\"(max-width: 407px) 100vw, 407px\" \/><\/figure><\/div>\n\n\n<p>A cassa\u00e7\u00e3o foi decidida na ter\u00e7a-feira (16). De forma un\u00e2nime, os ministros da Corte entenderam Deltan deixou o Minist\u00e9rio P\u00fablico Federal para evitar puni\u00e7\u00e3o em investiga\u00e7\u00f5es preliminares das quais era alvo. A Lei da Ficha Limpa impede candidaturas de pessoas que utilizem esse expediente.<\/p>\n\n\n\n<p>Ap\u00f3s a decis\u00e3o, aliados de Dallagnol contavam com uma revers\u00e3o na C\u00e2mara, mas Arthur Lira (PP-AL) indicou que isso n\u00e3o vai acontecer.<\/p>\n\n\n\n<p>Tanto que, na quarta-feira (17), ao responder a uma quest\u00e3o de ordem do deputado Maur\u00edcio Marcon (Podemos-RS), disse que a mesa diretora da C\u00e2mara iria seguir o que determinam as normas da Casa em situa\u00e7\u00f5es como essa.<\/p>\n\n\n\n<p><strong><em>\u201cA Mesa seguir\u00e1 o que determina o ato [N\u00ba 37, DE 2009, que trata dos procedimentos a serem observados nas hip\u00f3teses de perda de mandato]: a C\u00e2mara tem que ser citada, a Mesa informar\u00e1 ao corregedor, o corregedor vai dar um prazo ao deputado, o deputado faz sua defesa e sucessivamente\u201d<\/em><\/strong>, disse durante a sess\u00e3o do Plen\u00e1rio.<\/p>\n\n\n\n<p>A corregedoria encaminhou a notifica\u00e7\u00e3o a Dallagnol nesta quinta (18). O deputado tem cinco dias para apresentar sua defesa.<\/p>\n\n\n\n<p>O despacho de perda do mandato cabe \u00e0 mesa diretora, composta Marcos Pereira (Republicanos-SP), S\u00f3stenes Cavalcante (PL-RJ), Luciano Bivar (UNI\u00c3O-PE), Maria do Ros\u00e1rio (PT-RS), J\u00falio Cesar (PSD-PI) e Lucio Mosquini (MDB-RO), al\u00e9m de Lira.<\/p>\n\n\n\n<p>N\u00e3o h\u00e1 disposi\u00e7\u00e3o da C\u00e2mara de encarar um embate ou enfrentamento com Judici\u00e1rio por conta de&nbsp;Deltan.&nbsp;<\/p>\n\n\n\n<p><em>Fonte: G1<\/em><\/p>\n","protected":false},"excerpt":{"rendered":"<p>Ex-procurador da Lava Jato teve mandato cassado pelo TSE. Aliados contavam com uma salva\u00e7\u00e3o na C\u00e2mara \u2013 mas presidente da Casa indicou que isso n\u00e3o deve acontecer.<\/p>\n","protected":false},"author":2,"featured_media":49055,"comment_status":"open","ping_status":"open","sticky":false,"template":"","format":"standard","meta":{"om_disable_all_campaigns":false,"_monsterinsights_skip_tracking":false,"_monsterinsights_sitenote_active":false,"_monsterinsights_sitenote_note":"","_monsterinsights_sitenote_category":0,"footnotes":""},"categories":[34,70,69,21],"tags":[100,71,48,93,186,644,75,4178,4180,1599,129,107,4181,132,230,106,203,120,51,109,88,47,111,190],"class_list":["post-49054","post","type-post","status-publish","format-standard","has-post-thumbnail","hentry","category-brasil","category-destaques","category-noticias2","category-politica","tag-adustina","tag-antas","tag-araci","tag-brasil","tag-camara-dos-deputados","tag-cassacao","tag-cicero-dantas","tag-cipo-2","tag-crisopolis-2","tag-deltan-dallagnol","tag-euclides-da-cunha","tag-fatima","tag-heliopolis-2","tag-itapicuru","tag-jeremoabo","tag-nova-soure","tag-novo-triunfo","tag-olindina","tag-paripiranga","tag-quijingue","tag-ribeira-do-amparo","tag-ribeira-do-pombal","tag-sitio-do-quinto","tag-tucano"],"aioseo_notices":[],"_links":{"self":[{"href":"https:\/\/www.portalalerta.com.br\/index.php\/wp-json\/wp\/v2\/posts\/49054","targetHints":{"allow":["GET"]}}],"collection":[{"href":"https:\/\/www.portalalerta.com.br\/index.php\/wp-json\/wp\/v2\/posts"}],"about":[{"href":"https:\/\/www.portalalerta.com.br\/index.php\/wp-json\/wp\/v2\/types\/post"}],"author":[{"embeddable":true,"href":"https:\/\/www.portalalerta.com.br\/index.php\/wp-json\/wp\/v2\/users\/2"}],"replies":[{"embeddable":true,"href":"https:\/\/www.portalalerta.com.br\/index.php\/wp-json\/wp\/v2\/comments?post=49054"}],"version-history":[{"count":1,"href":"https:\/\/www.portalalerta.com.br\/index.php\/wp-json\/wp\/v2\/posts\/49054\/revisions"}],"predecessor-version":[{"id":49056,"href":"https:\/\/www.portalalerta.com.br\/index.php\/wp-json\/wp\/v2\/posts\/49054\/revisions\/49056"}],"wp:featuredmedia":[{"embeddable":true,"href":"https:\/\/www.portalalerta.com.br\/index.php\/wp-json\/wp\/v2\/media\/49055"}],"wp:attachment":[{"href":"https:\/\/www.portalalerta.com.br\/index.php\/wp-json\/wp\/v2\/media?parent=49054"}],"wp:term":[{"taxonomy":"category","embeddable":true,"href":"https:\/\/www.portalalerta.com.br\/index.php\/wp-json\/wp\/v2\/categories?post=49054"},{"taxonomy":"post_tag","embeddable":true,"href":"https:\/\/www.portalalerta.com.br\/index.php\/wp-json\/wp\/v2\/tags?post=49054"}],"curies":[{"name":"wp","href":"https:\/\/api.w.org\/{rel}","templated":true}]}}