{"id":49060,"date":"2023-05-18T19:54:44","date_gmt":"2023-05-18T22:54:44","guid":{"rendered":"https:\/\/www.portalalerta.com.br\/?p=49060"},"modified":"2023-05-18T19:54:46","modified_gmt":"2023-05-18T22:54:46","slug":"cid-ex-ajudante-de-ordens-de-bolsonaro-fica-em-silencio-em-depoimento-sobre-fraude-em-cartoes-de-vacinacao","status":"publish","type":"post","link":"https:\/\/www.portalalerta.com.br\/index.php\/2023\/05\/18\/cid-ex-ajudante-de-ordens-de-bolsonaro-fica-em-silencio-em-depoimento-sobre-fraude-em-cartoes-de-vacinacao\/","title":{"rendered":"Cid, ex-ajudante de ordens de Bolsonaro, fica em sil\u00eancio em depoimento sobre fraude em cart\u00f5es de vacina\u00e7\u00e3o"},"content":{"rendered":"\n<p><strong>Tenente-coronel foi preso h\u00e1 15 dias em opera\u00e7\u00e3o sobre fraude no cart\u00e3o de vacina para beneficiar Jair Bolsonaro e familiares. Ele controlava o aplicativo do ConecteSus do ex-presidente.<\/strong><\/p>\n\n\n\n<!--more-->\n\n\n\n<p>O ex-ajudante de ordens do ex-presidente\u00a0Jair Bolsonaro, o tenente-coronel Mauro Cid, ficou em sil\u00eancio durante seu depoimento \u00e0\u00a0Pol\u00edcia Federal\u00a0nesta quinta-feira (18).<\/p>\n\n\n\n<p>Cid foi chamado pela PF para dar explica\u00e7\u00f5es no caso que investiga fraude nos cart\u00f5es de vacina de Bolsonaro, da filha adolescente e de outras pessoas do entorno do ex-presidente. Cid foi preso em raz\u00e3o dessa investiga\u00e7\u00e3o h\u00e1 15 dias.<\/p>\n\n\n<div class=\"wp-block-image\">\n<figure class=\"alignleft size-full\"><img fetchpriority=\"high\" decoding=\"async\" width=\"400\" height=\"300\" src=\"https:\/\/www.portalalerta.com.br\/wp-content\/uploads\/2023\/01\/Auto-Escola-Sonho.jpg\" alt=\"\" class=\"wp-image-47083\" srcset=\"https:\/\/www.portalalerta.com.br\/wp-content\/uploads\/2023\/01\/Auto-Escola-Sonho.jpg 400w, https:\/\/www.portalalerta.com.br\/wp-content\/uploads\/2023\/01\/Auto-Escola-Sonho-320x240.jpg 320w\" sizes=\"(max-width: 400px) 100vw, 400px\" \/><\/figure><\/div>\n\n\n<p>No depoimento, ele alegou que n\u00e3o teve acesso ao conte\u00fado integral da investiga\u00e7\u00e3o. Diante disso, a PF n\u00e3o insistiu em fazer perguntas.<\/p>\n\n\n\n<p>De acordo com as investiga\u00e7\u00f5es, foi inserida de forma irregular no sistema do Minist\u00e9rio da Sa\u00fade a informa\u00e7\u00e3o falsa de que Bolsonaro, a filha e pessoas pr\u00f3ximas tomaram doses de vacina contra a Covid.<\/p>\n\n\n\n<p>O pr\u00f3prio Bolsonaro nega que ele e a filha tenham se vacinado.<\/p>\n\n\n\n<p>Os dados foram inseridos no sistema em dezembro de 2022. Em seguida, a conta de Bolsonaro no aplicativo ConecteSus, do minist\u00e9rio, emitiu o comprovante de vacina\u00e7\u00e3o. Depois, o registro falso da vacina foi apagado.<\/p>\n\n\n\n<p>A pol\u00edcia suspeita de que os dados falsos tenham sido inseridos para beneficiar Bolsonaro e a fam\u00edlia no caso de o comprovante de vacina ser exigido no exterior.<\/p>\n\n\n\n<p>Poucos dias depois da emiss\u00e3o do comprovante, o ex-presidente viajou para os Estados Unidos, onde ficou por tr\u00eas meses ap\u00f3s o fim do mandato.<\/p>\n\n\n\n<p>A conta do ConecteSus de Bolsonaro era controlada por Mauro Cid, seu ex-ajudante de ordens.<\/p>\n\n\n\n<p>Entre aliados pr\u00f3ximos do ex-presidente,\u00a0o temor \u00e9 de que Cid busque um acordo de dela\u00e7\u00e3o premiada\u00a0para contar o que sabe em troca do relaxamento de eventuais puni\u00e7\u00f5es. Ele contratou um advogado famoso por fechar esse tipo de acordo.<\/p>\n\n\n\n<p><strong>Depoimento de Bolsonaro<\/strong><\/p>\n\n\n\n<p>Bolsonaro, que foi alvo de busca e apreens\u00e3o da PF nessa mesma investiga\u00e7\u00e3o, prestou depoimento na ter\u00e7a-feira (16).<\/p>\n\n\n\n<p>Bolsonaro disse que nunca determinou a inser\u00e7\u00e3o de dados falsos de que estivesse vacinado no ConecteSUS.<\/p>\n\n\n\n<p>Ele ainda declarou que Mauro Cid gerenciava sua conta no ConecteSUS (<a href=\"https:\/\/g1.globo.com\/politica\/noticia\/2023\/05\/16\/veja-principais-pontos-do-depoimento-de-bolsonaro-a-policia-federal.ghtml\">veja aqui os principais pontos do depoimento<\/a>).<\/p>\n\n\n\n<p><em>Fonte: G1<\/em><\/p>\n","protected":false},"excerpt":{"rendered":"<p>Tenente-coronel foi preso h\u00e1 15 dias em opera\u00e7\u00e3o sobre fraude no cart\u00e3o de vacina para beneficiar Jair Bolsonaro e familiares. Ele controlava o aplicativo do ConecteSus do ex-presidente.<\/p>\n","protected":false},"author":2,"featured_media":48816,"comment_status":"open","ping_status":"open","sticky":false,"template":"","format":"standard","meta":{"om_disable_all_campaigns":false,"_monsterinsights_skip_tracking":false,"_monsterinsights_sitenote_active":false,"_monsterinsights_sitenote_note":"","_monsterinsights_sitenote_category":0,"footnotes":""},"categories":[34,70,69,21],"tags":[100,71,48,93,75,4178,4180,413,129,107,4181,132,1395,230,6016,106,203,120,51,173,109,88,47,2527,111,190],"class_list":["post-49060","post","type-post","status-publish","format-standard","has-post-thumbnail","hentry","category-brasil","category-destaques","category-noticias2","category-politica","tag-adustina","tag-antas","tag-araci","tag-brasil","tag-cicero-dantas","tag-cipo-2","tag-crisopolis-2","tag-depoimento","tag-euclides-da-cunha","tag-fatima","tag-heliopolis-2","tag-itapicuru","tag-jair-bolsonaro","tag-jeremoabo","tag-mauro-cid","tag-nova-soure","tag-novo-triunfo","tag-olindina","tag-paripiranga","tag-policia-federal","tag-quijingue","tag-ribeira-do-amparo","tag-ribeira-do-pombal","tag-silencio","tag-sitio-do-quinto","tag-tucano"],"aioseo_notices":[],"_links":{"self":[{"href":"https:\/\/www.portalalerta.com.br\/index.php\/wp-json\/wp\/v2\/posts\/49060","targetHints":{"allow":["GET"]}}],"collection":[{"href":"https:\/\/www.portalalerta.com.br\/index.php\/wp-json\/wp\/v2\/posts"}],"about":[{"href":"https:\/\/www.portalalerta.com.br\/index.php\/wp-json\/wp\/v2\/types\/post"}],"author":[{"embeddable":true,"href":"https:\/\/www.portalalerta.com.br\/index.php\/wp-json\/wp\/v2\/users\/2"}],"replies":[{"embeddable":true,"href":"https:\/\/www.portalalerta.com.br\/index.php\/wp-json\/wp\/v2\/comments?post=49060"}],"version-history":[{"count":1,"href":"https:\/\/www.portalalerta.com.br\/index.php\/wp-json\/wp\/v2\/posts\/49060\/revisions"}],"predecessor-version":[{"id":49061,"href":"https:\/\/www.portalalerta.com.br\/index.php\/wp-json\/wp\/v2\/posts\/49060\/revisions\/49061"}],"wp:featuredmedia":[{"embeddable":true,"href":"https:\/\/www.portalalerta.com.br\/index.php\/wp-json\/wp\/v2\/media\/48816"}],"wp:attachment":[{"href":"https:\/\/www.portalalerta.com.br\/index.php\/wp-json\/wp\/v2\/media?parent=49060"}],"wp:term":[{"taxonomy":"category","embeddable":true,"href":"https:\/\/www.portalalerta.com.br\/index.php\/wp-json\/wp\/v2\/categories?post=49060"},{"taxonomy":"post_tag","embeddable":true,"href":"https:\/\/www.portalalerta.com.br\/index.php\/wp-json\/wp\/v2\/tags?post=49060"}],"curies":[{"name":"wp","href":"https:\/\/api.w.org\/{rel}","templated":true}]}}