{"id":49095,"date":"2023-05-20T12:03:00","date_gmt":"2023-05-20T15:03:00","guid":{"rendered":"https:\/\/www.portalalerta.com.br\/?p=49095"},"modified":"2023-05-20T13:08:17","modified_gmt":"2023-05-20T16:08:17","slug":"caso-alice-justica-condena-adolescente-que-assassinou-crianca-de-6-anos-em-araci-ba","status":"publish","type":"post","link":"https:\/\/www.portalalerta.com.br\/index.php\/2023\/05\/20\/caso-alice-justica-condena-adolescente-que-assassinou-crianca-de-6-anos-em-araci-ba\/","title":{"rendered":"Caso Alice: Justi\u00e7a condena adolescente que assassinou crian\u00e7a de 6 anos, em Araci-BA"},"content":{"rendered":"\n<p>O adolescente acusado <strong><a href=\"https:\/\/www.portalalerta.com.br\/index.php\/2023\/04\/06\/tragedia-menina-de-6-anos-que-estava-desaparecida-em-araci-ba-e-encontrada-morta\/\">de assassinar Alice Oliveira, de apenas 6 anos de idade, em abril deste ano, em Araci-BA<\/a><\/strong>, foi condenado a tr\u00eas anos de interna\u00e7\u00e3o em unidade socioeducativa, prazo m\u00e1ximo previsto no ECA (Estatuto da Crian\u00e7a e do Adolescente).<\/p>\n\n\n\n<!--more-->\n\n\n\n<p>A decis\u00e3o foi tomada pelo juiz Jos\u00e9 Brand\u00e3o Netto, do Juizado da Inf\u00e2ncia e da Juventude da Comarca da cidade. De acordo com informa\u00e7\u00f5es, o julgamento aconteceu na \u00faltima quarta-feira (17). O jovem confessou o ato infracional \u00e0 pol\u00edcia, ao juiz e \u00e0 promotora de Justi\u00e7a, Dra. Severina Patr\u00edcia. Segundo ele, o motivo foi que a menina o irritava, j\u00e1 que ela ia com frequ\u00eancia \u00e0 casa dele para brincar com a irm\u00e3 do menino, da mesma idade.<\/p>\n\n\n<div class=\"wp-block-image\">\n<figure class=\"alignleft size-full\"><img fetchpriority=\"high\" decoding=\"async\" width=\"400\" height=\"300\" src=\"https:\/\/www.portalalerta.com.br\/wp-content\/uploads\/2023\/01\/Auto-Escola-Sonho.jpg\" alt=\"\" class=\"wp-image-47083\" srcset=\"https:\/\/www.portalalerta.com.br\/wp-content\/uploads\/2023\/01\/Auto-Escola-Sonho.jpg 400w, https:\/\/www.portalalerta.com.br\/wp-content\/uploads\/2023\/01\/Auto-Escola-Sonho-320x240.jpg 320w\" sizes=\"(max-width: 400px) 100vw, 400px\" \/><\/figure><\/div>\n\n\n<p>O corpo da menina foi encontrado com um cinto amarrado no pesco\u00e7o e um saco pl\u00e1stico envolvendo a cabe\u00e7a. A m\u00e3e do adolescente disse que teve que se mudar, pois estava sofrendo amea\u00e7as. Segundo o apurado, o pai do adolescente costuma praticar viol\u00eancia dom\u00e9stica contra a esposa, m\u00e3e do jovem infrator. O menor segue apreendido. A decis\u00e3o ainda cabe recurso.<\/p>\n\n\n\n<p>O juiz Jos\u00e9 Brand\u00e3o falou com a reportagem do site A Voz do Campo, da necessidade de redu\u00e7\u00e3o da maioridade penal no Brasil. <strong><em>\u201cEm outro plano, n\u00e3o podemos desconsiderar a indigna\u00e7\u00e3o causada em toda comunidade de Araci na forma com que o representado agiu, fato que teve repercuss\u00e3o local e nacional. Assim, a medida sugerida pelo Minist\u00e9rio P\u00fablico, ainda \u00e9 pouca, mas \u00e9 a que se afigura como a mais adequada hip\u00f3tese nesse procedimento, qual seja, a de interna\u00e7\u00e3o em estabelecimento educacional. A interna\u00e7\u00e3o tem cabimento na hip\u00f3tese de ato infracional cometido mediante grave amea\u00e7a ou viol\u00eancia a pessoa, segundo o art. 122, II, do ECA,\u201d<\/em><\/strong> disse o magistrado.<\/p>\n\n\n\n<p>Ap\u00f3s o per\u00edodo de interna\u00e7\u00e3o que tem prazo m\u00e1ximo de 03 anos, o adolescente dever\u00e1 submetido a Liberdade Assistida, nos termos do art. 121, \u00a74\u00ba do ECA.<\/p>\n\n\n\n<p><em>Fonte: A Voz do Campo<\/em><\/p>\n","protected":false},"excerpt":{"rendered":"<p>O adolescente acusado de assassinar Alice Oliveira, de apenas 6 anos de idade, em abril deste ano, em Araci-BA, foi condenado a tr\u00eas anos de interna\u00e7\u00e3o em unidade socioeducativa, prazo m\u00e1ximo previsto no ECA (Estatuto da Crian\u00e7a e do Adolescente).<\/p>\n","protected":false},"author":2,"featured_media":48319,"comment_status":"open","ping_status":"open","sticky":false,"template":"","format":"standard","meta":{"om_disable_all_campaigns":false,"_monsterinsights_skip_tracking":false,"_monsterinsights_sitenote_active":false,"_monsterinsights_sitenote_note":"","_monsterinsights_sitenote_category":0,"footnotes":""},"categories":[41,70,69,32,22],"tags":[100,71,48,75,4178,316,4180,129,107,4181,206,132,230,3385,106,203,120,51,109,88,47,111,190],"class_list":["post-49095","post","type-post","status-publish","format-standard","has-post-thumbnail","hentry","category-araci","category-destaques","category-noticias2","category-regiao","category-seguranca","tag-adustina","tag-antas","tag-araci","tag-cicero-dantas","tag-cipo-2","tag-condenacao","tag-crisopolis-2","tag-euclides-da-cunha","tag-fatima","tag-heliopolis-2","tag-homicidio","tag-itapicuru","tag-jeremoabo","tag-menor-infrator","tag-nova-soure","tag-novo-triunfo","tag-olindina","tag-paripiranga","tag-quijingue","tag-ribeira-do-amparo","tag-ribeira-do-pombal","tag-sitio-do-quinto","tag-tucano"],"aioseo_notices":[],"_links":{"self":[{"href":"https:\/\/www.portalalerta.com.br\/index.php\/wp-json\/wp\/v2\/posts\/49095","targetHints":{"allow":["GET"]}}],"collection":[{"href":"https:\/\/www.portalalerta.com.br\/index.php\/wp-json\/wp\/v2\/posts"}],"about":[{"href":"https:\/\/www.portalalerta.com.br\/index.php\/wp-json\/wp\/v2\/types\/post"}],"author":[{"embeddable":true,"href":"https:\/\/www.portalalerta.com.br\/index.php\/wp-json\/wp\/v2\/users\/2"}],"replies":[{"embeddable":true,"href":"https:\/\/www.portalalerta.com.br\/index.php\/wp-json\/wp\/v2\/comments?post=49095"}],"version-history":[{"count":1,"href":"https:\/\/www.portalalerta.com.br\/index.php\/wp-json\/wp\/v2\/posts\/49095\/revisions"}],"predecessor-version":[{"id":49096,"href":"https:\/\/www.portalalerta.com.br\/index.php\/wp-json\/wp\/v2\/posts\/49095\/revisions\/49096"}],"wp:featuredmedia":[{"embeddable":true,"href":"https:\/\/www.portalalerta.com.br\/index.php\/wp-json\/wp\/v2\/media\/48319"}],"wp:attachment":[{"href":"https:\/\/www.portalalerta.com.br\/index.php\/wp-json\/wp\/v2\/media?parent=49095"}],"wp:term":[{"taxonomy":"category","embeddable":true,"href":"https:\/\/www.portalalerta.com.br\/index.php\/wp-json\/wp\/v2\/categories?post=49095"},{"taxonomy":"post_tag","embeddable":true,"href":"https:\/\/www.portalalerta.com.br\/index.php\/wp-json\/wp\/v2\/tags?post=49095"}],"curies":[{"name":"wp","href":"https:\/\/api.w.org\/{rel}","templated":true}]}}