{"id":4913,"date":"2018-02-22T13:34:58","date_gmt":"2018-02-22T16:34:58","guid":{"rendered":"http:\/\/www.portalalerta.com.br\/?p=4913"},"modified":"2018-02-22T13:34:58","modified_gmt":"2018-02-22T16:34:58","slug":"stj-torna-negromonte-reu-e-ordena-afastamento-do-conselheiro-do-tcm","status":"publish","type":"post","link":"https:\/\/www.portalalerta.com.br\/index.php\/2018\/02\/22\/stj-torna-negromonte-reu-e-ordena-afastamento-do-conselheiro-do-tcm\/","title":{"rendered":"STJ torna Negromonte r\u00e9u e ordena afastamento do conselheiro do TCM"},"content":{"rendered":"<p style=\"text-align: justify;\">A Corte Especial do Superior Tribunal de Justi\u00e7a (STJ) decidiu, nesta quarta-feira, 21, por unanimidade, aceitar den\u00fancia contra o ex-ministro das Cidades e hoje conselheiro do Tribunal de Contas dos Munic\u00edpios da Bahia (TCM-BA), M\u00e1rio Negromonte. Dessa forma, o conselheiro, que foi deputado pelo PP, passa \u00e0 condi\u00e7\u00e3o de r\u00e9u na Opera\u00e7\u00e3o Lava Jato.<!--more--><\/p>\n<p style=\"text-align: justify;\">O colegiado do STJ, que com este caso faz o primeiro julgamento da Corte no \u00e2mbito da Lava Jato, decidiu tamb\u00e9m afastar Negromonte da fun\u00e7\u00e3o no TCM at\u00e9 que esteja conclu\u00edda a fase de instru\u00e7\u00e3o penal do processo.<\/p>\n<p style=\"text-align: justify;\">Na den\u00fancia, apresentada pelo Minist\u00e9rio P\u00fablico Federal (MPF) em outubro do ano passado, o ex-ministro \u00e9 acusado de receber R$ 25 milh\u00f5es em propina para beneficiar empresas do setor de rastreamento de ve\u00edculos.<\/p>\n<p style=\"text-align: justify;\"><strong>Yousseff<\/strong><\/p>\n<p style=\"text-align: justify;\">A acusa\u00e7\u00e3o teve como ponto de partida a dela\u00e7\u00e3o premiada do doleiro Alberto Yousseff e foi encaminhada ao STJ por Negromonte ocupar o cargo de conselheiro do Tribunal de Contas dos Munic\u00edpios da Bahia.<\/p>\n<p style=\"text-align: justify;\">A defesa de Negromonte foi procurada para comentar a decis\u00e3o, mas n\u00e3o retornou ao contato. Para O Globo, o advogado de Negromonte, Carlos Fauze, disse que, como o ac\u00f3rd\u00e3o da decis\u00e3o ainda n\u00e3o foi publicado, ele n\u00e3o teve acesso \u00e0 \u00edntegra da decis\u00e3o para se pronunciar. Fauze afirmou, tamb\u00e9m, que na avalia\u00e7\u00e3o dele Negromonte n\u00e3o pode ser afastado at\u00e9 a publica\u00e7\u00e3o.<\/p>\n<p style=\"text-align: justify;\"><img fetchpriority=\"high\" decoding=\"async\" class=\"size-thumbnail wp-image-4869 aligncenter\" src=\"http:\/\/www.portalalerta.com.br\/wp-content\/uploads\/2018\/02\/Auto-Escola-Nobre-720x181.jpg\" alt=\"\" width=\"720\" height=\"181\" srcset=\"https:\/\/www.portalalerta.com.br\/wp-content\/uploads\/2018\/02\/Auto-Escola-Nobre.jpg 720w, https:\/\/www.portalalerta.com.br\/wp-content\/uploads\/2018\/02\/Auto-Escola-Nobre-260x65.jpg 260w, https:\/\/www.portalalerta.com.br\/wp-content\/uploads\/2018\/02\/Auto-Escola-Nobre-50x13.jpg 50w, https:\/\/www.portalalerta.com.br\/wp-content\/uploads\/2018\/02\/Auto-Escola-Nobre-150x38.jpg 150w\" sizes=\"(max-width: 720px) 100vw, 720px\" \/>Nesta quarta, M\u00e1rio Negromonte n\u00e3o participou da sess\u00e3o do pleno no TCM. Indagado por A TARDE sobre o afastamento do conselheiro, o presidente em exerc\u00edcio, conselheiro Fernando Vita, informou que o tribunal est\u00e1 aguardando ser comunicado oficialmente pela Corte Especial do STJ para, ent\u00e3o, cumprir as decis\u00f5es tomadas pelo colegiado.<\/p>\n<p style=\"text-align: justify;\">Negromonte tamb\u00e9m \u00e9 alvo de outro inqu\u00e9rito no Supremo Tribunal Federal (STF) por suposto envolvimento do esquema que desviou recursos da Petrobr\u00e1s.<\/p>\n<p style=\"text-align: justify;\"><strong>Acordo<\/strong><\/p>\n<p style=\"text-align: justify;\">O conselheiro M\u00e1rio Negromonte foi indicado para o TCM pelo ent\u00e3o governador Jaques Wagner (PT) e aprovado pela Assembleia Legislativa com o voto de ampla maioria dos deputados estaduais.<\/p>\n<p style=\"text-align: justify;\">Ele foi designado para o cargo num acordo do governador com o pepista para compensar a retirada do seu nome como vice na chapa ao governo que seria encabe\u00e7ada por Rui Costa (PT).<\/p>\n<p style=\"text-align: justify;\">Em 2014, quando o executivo da Bahia se movimentava para indicar tr\u00eas deputados \u2013 do PP, PT e PDT \u2013 para vagas nos tribunais de contas do estado (TCE) e dos munic\u00edpios (TCM), e j\u00e1 havia den\u00fancia envolvendo Negromonte na Lava Jato, Wagner, hoje titular da secretaria de Desenvolvimento Econ\u00f4mico da Bahia, disse que \u201cn\u00e3o tinha qualquer preocupa\u00e7\u00e3o\u201d em manter a indica\u00e7\u00e3o de Negromonte para o TCM.<\/p>\n<p style=\"text-align: justify;\">\u201cN\u00e3o fa\u00e7o linchamento de inocente at\u00e9 prova em contr\u00e1rio\u201d, declarou o ent\u00e3o governador ao A TARDE. Na \u00e9poca, o ex-ministro das Cidades disse \u00e0 reportagem que n\u00e3o tinha nada a temer. \u201cTenho v\u00ednculo zero [com o doleiro Yousseff]\u201d.<\/p>\n<p style=\"text-align: justify;\">Fonte: Gazeta do Mell<\/p>\n","protected":false},"excerpt":{"rendered":"<p>A Corte Especial do Superior Tribunal de Justi\u00e7a (STJ) decidiu, nesta quarta-feira, 21, por unanimidade, aceitar den\u00fancia contra o ex-ministro das Cidades e hoje conselheiro do Tribunal de Contas dos Munic\u00edpios da Bahia (TCM-BA), M\u00e1rio Negromonte. Dessa forma, o conselheiro, que foi deputado pelo PP, passa \u00e0 condi\u00e7\u00e3o de r\u00e9u na Opera\u00e7\u00e3o Lava Jato.<\/p>\n","protected":false},"author":2,"featured_media":4914,"comment_status":"closed","ping_status":"open","sticky":false,"template":"","format":"standard","meta":{"om_disable_all_campaigns":false,"_monsterinsights_skip_tracking":false,"_monsterinsights_sitenote_active":false,"_monsterinsights_sitenote_note":"","_monsterinsights_sitenote_category":0,"footnotes":""},"categories":[33,70,69,21],"tags":[54,631,505,72],"class_list":["post-4913","post","type-post","status-publish","format-standard","has-post-thumbnail","hentry","category-bahia","category-destaques","category-noticias2","category-politica","tag-bahia","tag-mario-negromonte","tag-stj","tag-tcm"],"aioseo_notices":[],"_links":{"self":[{"href":"https:\/\/www.portalalerta.com.br\/index.php\/wp-json\/wp\/v2\/posts\/4913","targetHints":{"allow":["GET"]}}],"collection":[{"href":"https:\/\/www.portalalerta.com.br\/index.php\/wp-json\/wp\/v2\/posts"}],"about":[{"href":"https:\/\/www.portalalerta.com.br\/index.php\/wp-json\/wp\/v2\/types\/post"}],"author":[{"embeddable":true,"href":"https:\/\/www.portalalerta.com.br\/index.php\/wp-json\/wp\/v2\/users\/2"}],"replies":[{"embeddable":true,"href":"https:\/\/www.portalalerta.com.br\/index.php\/wp-json\/wp\/v2\/comments?post=4913"}],"version-history":[{"count":0,"href":"https:\/\/www.portalalerta.com.br\/index.php\/wp-json\/wp\/v2\/posts\/4913\/revisions"}],"wp:featuredmedia":[{"embeddable":true,"href":"https:\/\/www.portalalerta.com.br\/index.php\/wp-json\/wp\/v2\/media\/4914"}],"wp:attachment":[{"href":"https:\/\/www.portalalerta.com.br\/index.php\/wp-json\/wp\/v2\/media?parent=4913"}],"wp:term":[{"taxonomy":"category","embeddable":true,"href":"https:\/\/www.portalalerta.com.br\/index.php\/wp-json\/wp\/v2\/categories?post=4913"},{"taxonomy":"post_tag","embeddable":true,"href":"https:\/\/www.portalalerta.com.br\/index.php\/wp-json\/wp\/v2\/tags?post=4913"}],"curies":[{"name":"wp","href":"https:\/\/api.w.org\/{rel}","templated":true}]}}