{"id":49140,"date":"2023-05-23T07:03:00","date_gmt":"2023-05-23T10:03:00","guid":{"rendered":"https:\/\/www.portalalerta.com.br\/?p=49140"},"modified":"2023-05-23T01:29:13","modified_gmt":"2023-05-23T04:29:13","slug":"em-meio-criticas-a-viabahia-representante-da-concessionaria-e-convidado-para-prestar-esclarecimentos-na-camara","status":"publish","type":"post","link":"https:\/\/www.portalalerta.com.br\/index.php\/2023\/05\/23\/em-meio-criticas-a-viabahia-representante-da-concessionaria-e-convidado-para-prestar-esclarecimentos-na-camara\/","title":{"rendered":"Em meio cr\u00edticas \u00e0 ViaBahia, representante da concession\u00e1ria \u00e9 convidado para prestar esclarecimentos na C\u00e2mara"},"content":{"rendered":"\n<p>Segundo criticou o deputado federal Gabriel Nunes, a BR-324 se tornou a \u2018pior rodovia do Brasil\u2019.<\/p>\n\n\n\n<!--more-->\n\n\n\n<p>O servi\u00e7o da\u00a0ViaBahia,\u00a0concession\u00e1ria de rodovias no estado, foi alvo de cr\u00edticas do deputado federal Gabriel Nunes (PSD). Segundo o parlamentar, devido \u00e0 falta de investimentos da empresa, a BR-324 se tornou a <strong><em>\u2018pior rodovia do Brasil\u2019<\/em><\/strong>.<\/p>\n\n\n<div class=\"wp-block-image\">\n<figure class=\"alignleft size-full is-resized\"><img fetchpriority=\"high\" decoding=\"async\" src=\"https:\/\/www.portalalerta.com.br\/wp-content\/uploads\/2022\/03\/Cred-Real.1.jpg\" alt=\"\" class=\"wp-image-41523\" width=\"402\" height=\"322\" srcset=\"https:\/\/www.portalalerta.com.br\/wp-content\/uploads\/2022\/03\/Cred-Real.1.jpg 500w, https:\/\/www.portalalerta.com.br\/wp-content\/uploads\/2022\/03\/Cred-Real.1-300x240.jpg 300w, https:\/\/www.portalalerta.com.br\/wp-content\/uploads\/2022\/03\/Cred-Real.1-183x146.jpg 183w, https:\/\/www.portalalerta.com.br\/wp-content\/uploads\/2022\/03\/Cred-Real.1-50x40.jpg 50w, https:\/\/www.portalalerta.com.br\/wp-content\/uploads\/2022\/03\/Cred-Real.1-94x75.jpg 94w\" sizes=\"(max-width: 402px) 100vw, 402px\" \/><\/figure><\/div>\n\n\n<p>Assim, o presidente da ViaBahia, Jos\u00e9 Pedro Guerreiro Bartolomeu, foi convidado a prestar esclarecimentos na Comiss\u00e3o Comiss\u00e3o de Via\u00e7\u00e3o e Transportes da C\u00e2mara dos Deputados. Dentre as pautas, est\u00e3o queixas dos usu\u00e1rios como: falta de manuten\u00e7\u00e3o, buracos na estrada e aus\u00eancia de servi\u00e7os de emerg\u00eancia.&nbsp;<\/p>\n\n\n\n<p>Para o parlamentar, a concession\u00e1ria s\u00f3 se preocupa <strong><em>\u201capenas com a pra\u00e7a de ped\u00e1gio\u201d<\/em><\/strong>. <strong><em>\u201cPagamos caro pelo ped\u00e1gio para trafegar em uma rodovia com muitos buracos, falta de servi\u00e7o de emerg\u00eancia e obras de manuten\u00e7\u00e3o\u201d<\/em><\/strong>, declarou.<\/p>\n\n\n\n<p>Devido \u00e0s queixas, na \u00e9poca do governo Bolsonaro a Uni\u00e3o cogitou romper o contrato com a ViaBahia. Mas, sob novo comando, o Minist\u00e9rio dos Transportes tem evitado falar em quebra de contrato com a empresa.<\/p>\n\n\n\n<p><em>Fonte: Metro1<\/em><\/p>\n","protected":false},"excerpt":{"rendered":"<p>Segundo criticou o deputado federal Gabriel Nunes, a BR-324 se tornou a \u2018pior rodovia do Brasil\u2019.<\/p>\n","protected":false},"author":2,"featured_media":29998,"comment_status":"open","ping_status":"open","sticky":false,"template":"","format":"standard","meta":{"om_disable_all_campaigns":false,"_monsterinsights_skip_tracking":false,"_monsterinsights_sitenote_active":false,"_monsterinsights_sitenote_note":"","_monsterinsights_sitenote_category":0,"footnotes":""},"categories":[33,34,70,69,21],"tags":[100,71,48,54,498,93,75,4178,4180,129,107,4181,132,230,106,203,120,51,109,88,47,111,190,3938],"class_list":["post-49140","post","type-post","status-publish","format-standard","has-post-thumbnail","hentry","category-bahia","category-brasil","category-destaques","category-noticias2","category-politica","tag-adustina","tag-antas","tag-araci","tag-bahia","tag-br-324","tag-brasil","tag-cicero-dantas","tag-cipo-2","tag-crisopolis-2","tag-euclides-da-cunha","tag-fatima","tag-heliopolis-2","tag-itapicuru","tag-jeremoabo","tag-nova-soure","tag-novo-triunfo","tag-olindina","tag-paripiranga","tag-quijingue","tag-ribeira-do-amparo","tag-ribeira-do-pombal","tag-sitio-do-quinto","tag-tucano","tag-via-bahia"],"aioseo_notices":[],"_links":{"self":[{"href":"https:\/\/www.portalalerta.com.br\/index.php\/wp-json\/wp\/v2\/posts\/49140","targetHints":{"allow":["GET"]}}],"collection":[{"href":"https:\/\/www.portalalerta.com.br\/index.php\/wp-json\/wp\/v2\/posts"}],"about":[{"href":"https:\/\/www.portalalerta.com.br\/index.php\/wp-json\/wp\/v2\/types\/post"}],"author":[{"embeddable":true,"href":"https:\/\/www.portalalerta.com.br\/index.php\/wp-json\/wp\/v2\/users\/2"}],"replies":[{"embeddable":true,"href":"https:\/\/www.portalalerta.com.br\/index.php\/wp-json\/wp\/v2\/comments?post=49140"}],"version-history":[{"count":1,"href":"https:\/\/www.portalalerta.com.br\/index.php\/wp-json\/wp\/v2\/posts\/49140\/revisions"}],"predecessor-version":[{"id":49141,"href":"https:\/\/www.portalalerta.com.br\/index.php\/wp-json\/wp\/v2\/posts\/49140\/revisions\/49141"}],"wp:featuredmedia":[{"embeddable":true,"href":"https:\/\/www.portalalerta.com.br\/index.php\/wp-json\/wp\/v2\/media\/29998"}],"wp:attachment":[{"href":"https:\/\/www.portalalerta.com.br\/index.php\/wp-json\/wp\/v2\/media?parent=49140"}],"wp:term":[{"taxonomy":"category","embeddable":true,"href":"https:\/\/www.portalalerta.com.br\/index.php\/wp-json\/wp\/v2\/categories?post=49140"},{"taxonomy":"post_tag","embeddable":true,"href":"https:\/\/www.portalalerta.com.br\/index.php\/wp-json\/wp\/v2\/tags?post=49140"}],"curies":[{"name":"wp","href":"https:\/\/api.w.org\/{rel}","templated":true}]}}