{"id":49143,"date":"2023-05-23T14:00:41","date_gmt":"2023-05-23T17:00:41","guid":{"rendered":"https:\/\/www.portalalerta.com.br\/?p=49143"},"modified":"2023-05-23T14:00:42","modified_gmt":"2023-05-23T17:00:42","slug":"camara-instala-cpis-do-mst-e-das-apostas-esportivas-nesta-terca-feira","status":"publish","type":"post","link":"https:\/\/www.portalalerta.com.br\/index.php\/2023\/05\/23\/camara-instala-cpis-do-mst-e-das-apostas-esportivas-nesta-terca-feira\/","title":{"rendered":"C\u00e2mara instala CPIs do MST e das apostas esportivas nesta ter\u00e7a-feira"},"content":{"rendered":"\n<p>A C\u00e2mara dos Deputados vai dar in\u00edcio, nesta ter\u00e7a-feira (23), \u00e0s atividades de duas Comiss\u00f5es Parlamentares de Inqu\u00e9rito (CPI), uma sobre apostas esportivas e outra a respeito do Movimento dos Trabalhadores Rurais Sem Terra (MST).<\/p>\n\n\n\n<!--more-->\n\n\n\n<p>A primeira sess\u00e3o ser\u00e1 a do MST, prevista para ocorrer \u00e0s 14h, presidida pelo deputado tenente coronel Zucco (Republicanos), com relatoria do deputado Ricardo Salles (PL-SP). Os parlamentares v\u00e3o discutir sobre o papel exercido pelo movimento e a atua\u00e7\u00e3o dele, assim como a de seus participantes e financiadores.&nbsp;<\/p>\n\n\n\n<p>J\u00e1 a segunda comiss\u00e3o, marcada para \u00e0s 15h, possui como presidente o deputado J\u00falio Arcoverde (PP) e o deputado Felipe Carreras (PSB) como relator. A sess\u00e3o ter\u00e1 como objetivo investigar o esquema de manipula\u00e7\u00f5es relacionadas a apostas esportivas, baseada nas investiga\u00e7\u00f5es do Minist\u00e9rio P\u00fablico de Goi\u00e1s (MPGO), que identificaram seis jogos da S\u00e9rie A do Campeonato Brasileiro manipulados, somente no m\u00eas de abril.<\/p>\n\n\n\n<p><em>Fonte: Metro1<\/em><\/p>\n","protected":false},"excerpt":{"rendered":"<p>A C\u00e2mara dos Deputados vai dar in\u00edcio, nesta ter\u00e7a-feira (23), \u00e0s atividades de duas Comiss\u00f5es Parlamentares de Inqu\u00e9rito (CPI), uma sobre apostas esportivas e outra a respeito do Movimento dos Trabalhadores Rurais Sem Terra (MST).<\/p>\n","protected":false},"author":2,"featured_media":3305,"comment_status":"open","ping_status":"open","sticky":false,"template":"","format":"standard","meta":{"om_disable_all_campaigns":false,"_monsterinsights_skip_tracking":false,"_monsterinsights_sitenote_active":false,"_monsterinsights_sitenote_note":"","_monsterinsights_sitenote_category":0,"footnotes":""},"categories":[34,70,69,21],"tags":[100,71,3961,48,93,186,75,4178,721,4180,129,107,4181,132,230,2294,106,203,120,51,109,88,47,111],"class_list":["post-49143","post","type-post","status-publish","format-standard","has-post-thumbnail","hentry","category-brasil","category-destaques","category-noticias2","category-politica","tag-adustina","tag-antas","tag-apostas","tag-araci","tag-brasil","tag-camara-dos-deputados","tag-cicero-dantas","tag-cipo-2","tag-cpi","tag-crisopolis-2","tag-euclides-da-cunha","tag-fatima","tag-heliopolis-2","tag-itapicuru","tag-jeremoabo","tag-mst","tag-nova-soure","tag-novo-triunfo","tag-olindina","tag-paripiranga","tag-quijingue","tag-ribeira-do-amparo","tag-ribeira-do-pombal","tag-sitio-do-quinto"],"aioseo_notices":[],"_links":{"self":[{"href":"https:\/\/www.portalalerta.com.br\/index.php\/wp-json\/wp\/v2\/posts\/49143","targetHints":{"allow":["GET"]}}],"collection":[{"href":"https:\/\/www.portalalerta.com.br\/index.php\/wp-json\/wp\/v2\/posts"}],"about":[{"href":"https:\/\/www.portalalerta.com.br\/index.php\/wp-json\/wp\/v2\/types\/post"}],"author":[{"embeddable":true,"href":"https:\/\/www.portalalerta.com.br\/index.php\/wp-json\/wp\/v2\/users\/2"}],"replies":[{"embeddable":true,"href":"https:\/\/www.portalalerta.com.br\/index.php\/wp-json\/wp\/v2\/comments?post=49143"}],"version-history":[{"count":1,"href":"https:\/\/www.portalalerta.com.br\/index.php\/wp-json\/wp\/v2\/posts\/49143\/revisions"}],"predecessor-version":[{"id":49144,"href":"https:\/\/www.portalalerta.com.br\/index.php\/wp-json\/wp\/v2\/posts\/49143\/revisions\/49144"}],"wp:featuredmedia":[{"embeddable":true,"href":"https:\/\/www.portalalerta.com.br\/index.php\/wp-json\/wp\/v2\/media\/3305"}],"wp:attachment":[{"href":"https:\/\/www.portalalerta.com.br\/index.php\/wp-json\/wp\/v2\/media?parent=49143"}],"wp:term":[{"taxonomy":"category","embeddable":true,"href":"https:\/\/www.portalalerta.com.br\/index.php\/wp-json\/wp\/v2\/categories?post=49143"},{"taxonomy":"post_tag","embeddable":true,"href":"https:\/\/www.portalalerta.com.br\/index.php\/wp-json\/wp\/v2\/tags?post=49143"}],"curies":[{"name":"wp","href":"https:\/\/api.w.org\/{rel}","templated":true}]}}