{"id":49148,"date":"2023-05-23T14:38:36","date_gmt":"2023-05-23T17:38:36","guid":{"rendered":"https:\/\/www.portalalerta.com.br\/?p=49148"},"modified":"2023-05-23T14:38:38","modified_gmt":"2023-05-23T17:38:38","slug":"arbitro-que-ajudou-na-expulsao-de-vini-jr-em-jogo-marcado-por-racismo-e-demitido","status":"publish","type":"post","link":"https:\/\/www.portalalerta.com.br\/index.php\/2023\/05\/23\/arbitro-que-ajudou-na-expulsao-de-vini-jr-em-jogo-marcado-por-racismo-e-demitido\/","title":{"rendered":"\u00c1rbitro que ajudou na expuls\u00e3o de Vini Jr. em jogo marcado por racismo \u00e9 demitido"},"content":{"rendered":"\n<p><strong>Operador do VAR omitiu imagens de agress\u00e3o a Vin\u00edcius Jr. no duelo; seis \u00e1rbitros tamb\u00e9m foram desligados do futebol espanhol<\/strong><\/p>\n\n\n\n<!--more-->\n\n\n\n<p>A Real Federa\u00e7\u00e3o Espanhola de Futebol e o Comit\u00ea T\u00e9cnico de \u00c1rbitros anunciaram na \u00faltima segunda-feira (22) a demiss\u00e3o de seis \u00e1rbitros da LaLiga. A decis\u00e3o \u00e9 motivada pela falha de Iglesias Villanueva,\u00a0\u00e1rbitro de v\u00eddeo do duelo ente Real Madrid x Valencia no \u00faltimo domingo pela 35\u00aa rodada do Espanhol.\u00a0Villanueva havia sido escalado para dois jogos na rodada deste meio de semana: operaria o VAR em Real Betis x Getafe e seria o assistente de v\u00eddeo em Osasuna x Athletic Bilbao.<\/p>\n\n\n<div class=\"wp-block-image\">\n<figure class=\"alignleft size-full\"><img fetchpriority=\"high\" decoding=\"async\" width=\"400\" height=\"300\" src=\"https:\/\/www.portalalerta.com.br\/wp-content\/uploads\/2023\/01\/Auto-Escola-Sonho.jpg\" alt=\"\" class=\"wp-image-47083\" srcset=\"https:\/\/www.portalalerta.com.br\/wp-content\/uploads\/2023\/01\/Auto-Escola-Sonho.jpg 400w, https:\/\/www.portalalerta.com.br\/wp-content\/uploads\/2023\/01\/Auto-Escola-Sonho-320x240.jpg 320w\" sizes=\"(max-width: 400px) 100vw, 400px\" \/><\/figure><\/div>\n\n\n<p>A decis\u00e3o inicial havia permitido a atua\u00e7\u00e3o de Iglesias na rodada como seu \u00faltimo trabalho, mas a RFEF anunciou a troca. C\u00e9sar Soto Grado e Nevado Rodr\u00edguez v\u00e3o substituir Villanueva nas fun\u00e7\u00f5es para este meio de semana.<\/p>\n\n\n\n<p>A escolha da RFEF foi feita ap\u00f3s a forma como o gal\u00edcio atuou em um lance capital do jogo entre Real e Valencia. J\u00e1 nos acr\u00e9scimos, uma confus\u00e3o entre jogadores das duas equipes teve o atacante Hugo Duro enforcando o brasileiro Vin\u00edcius Jr. com um mata-le\u00e3o.<\/p>\n\n\n\n<p>Ap\u00f3s sair da chave, Vini acertou Hugo no rosto com seu bra\u00e7o. O \u00e1rbitro de campo Ricardo de Burgos Bengoechea deu apenas o amarelo ao camisa 20 merengue. Villanueva recomendou a revis\u00e3o do lance, mas omitiu as imagens do mata-le\u00e3o de Duro e apenas mostrou o momento do golpe de Vin\u00edcius, o que gerou o cart\u00e3o vermelho para o ponta-esquerda do Real.<\/p>\n\n\n\n<p>Vale lembrar que, durante o jogo, o brasileiro j\u00e1 havia sido alvo de c\u00e2nticos e inj\u00farias raciais que paralisaram a partida por nove minutos no segundo tempo. Torcedores valencianos se referiram a Vin\u00edcius como &#8220;mono&#8221; \u2014 macaco em espanhol \u2014 e alguns chegaram a discutir com o jogador.<\/p>\n\n\n\n<p>Tr\u00eas dos aficionados foram identificados e presos nesta ter\u00e7a-feira pela pol\u00edcia local.\u00a0Al\u00e9m deles, quatro pessoas foram presas por pendurar um boneco de Vini Jr. e enforc\u00e1-lo em uma ponte de Madrid.\u00a0<\/p>\n\n\n\n<p>O entendimento da RFEF \u00e9 de que Bengoechea atuou de forma correta em rela\u00e7\u00e3o \u00e0s imagens que lhe foram mostradas e, portanto, n\u00e3o deve ser penalizado. Ele at\u00e9 mesmo est\u00e1 escalado para o jogo entre Betis e Getafe. Os outros cinco nomes desligados pela entidade ainda n\u00e3o foram divulgados.<\/p>\n\n\n\n<p><em>Fonte: R7<\/em><\/p>\n","protected":false},"excerpt":{"rendered":"<p>Operador do VAR omitiu imagens de agress\u00e3o a Vin\u00edcius Jr. no duelo; seis \u00e1rbitros tamb\u00e9m foram desligados do futebol espanhol<\/p>\n","protected":false},"author":2,"featured_media":49149,"comment_status":"open","ping_status":"open","sticky":false,"template":"","format":"standard","meta":{"om_disable_all_campaigns":false,"_monsterinsights_skip_tracking":false,"_monsterinsights_sitenote_active":false,"_monsterinsights_sitenote_note":"","_monsterinsights_sitenote_category":0,"footnotes":""},"categories":[70,2,69],"tags":[100,71,48,4960,93,75,4178,4180,616,899,129,107,4181,132,230,339,106,203,120,51,109,331,88,47,111,190,6111],"class_list":["post-49148","post","type-post","status-publish","format-standard","has-post-thumbnail","hentry","category-destaques","category-esportes","category-noticias2","tag-adustina","tag-antas","tag-araci","tag-arbitro","tag-brasil","tag-cicero-dantas","tag-cipo-2","tag-crisopolis-2","tag-demissao","tag-espanha","tag-euclides-da-cunha","tag-fatima","tag-heliopolis-2","tag-itapicuru","tag-jeremoabo","tag-mundo","tag-nova-soure","tag-novo-triunfo","tag-olindina","tag-paripiranga","tag-quijingue","tag-racismo","tag-ribeira-do-amparo","tag-ribeira-do-pombal","tag-sitio-do-quinto","tag-tucano","tag-vinicius-junior"],"aioseo_notices":[],"_links":{"self":[{"href":"https:\/\/www.portalalerta.com.br\/index.php\/wp-json\/wp\/v2\/posts\/49148","targetHints":{"allow":["GET"]}}],"collection":[{"href":"https:\/\/www.portalalerta.com.br\/index.php\/wp-json\/wp\/v2\/posts"}],"about":[{"href":"https:\/\/www.portalalerta.com.br\/index.php\/wp-json\/wp\/v2\/types\/post"}],"author":[{"embeddable":true,"href":"https:\/\/www.portalalerta.com.br\/index.php\/wp-json\/wp\/v2\/users\/2"}],"replies":[{"embeddable":true,"href":"https:\/\/www.portalalerta.com.br\/index.php\/wp-json\/wp\/v2\/comments?post=49148"}],"version-history":[{"count":1,"href":"https:\/\/www.portalalerta.com.br\/index.php\/wp-json\/wp\/v2\/posts\/49148\/revisions"}],"predecessor-version":[{"id":49150,"href":"https:\/\/www.portalalerta.com.br\/index.php\/wp-json\/wp\/v2\/posts\/49148\/revisions\/49150"}],"wp:featuredmedia":[{"embeddable":true,"href":"https:\/\/www.portalalerta.com.br\/index.php\/wp-json\/wp\/v2\/media\/49149"}],"wp:attachment":[{"href":"https:\/\/www.portalalerta.com.br\/index.php\/wp-json\/wp\/v2\/media?parent=49148"}],"wp:term":[{"taxonomy":"category","embeddable":true,"href":"https:\/\/www.portalalerta.com.br\/index.php\/wp-json\/wp\/v2\/categories?post=49148"},{"taxonomy":"post_tag","embeddable":true,"href":"https:\/\/www.portalalerta.com.br\/index.php\/wp-json\/wp\/v2\/tags?post=49148"}],"curies":[{"name":"wp","href":"https:\/\/api.w.org\/{rel}","templated":true}]}}