{"id":49151,"date":"2023-05-23T14:55:20","date_gmt":"2023-05-23T17:55:20","guid":{"rendered":"https:\/\/www.portalalerta.com.br\/?p=49151"},"modified":"2023-05-23T21:40:25","modified_gmt":"2023-05-24T00:40:25","slug":"onibus-que-transportava-pacientes-cipo-ba-para-para-salvador-ba-tomba-em-rodovia","status":"publish","type":"post","link":"https:\/\/www.portalalerta.com.br\/index.php\/2023\/05\/23\/onibus-que-transportava-pacientes-cipo-ba-para-para-salvador-ba-tomba-em-rodovia\/","title":{"rendered":"\u00d4nibus que transportava pacientes de Cip\u00f3-BA para para Salvador-BA tomba em rodovia"},"content":{"rendered":"\n<p><strong>Acidente aconteceu na BA-526, em trecho de Sim\u00f5es Filho, na madrugada desta ter\u00e7a-feira (23)<\/strong><\/p>\n\n\n\n<!--more-->\n\n\n\n<p>O \u00f4nibus da Prefeitura de Cip\u00f3-BA que transportava pacientes para tratamentos de sa\u00fade em Salvador, tombou no Cia x Aeroporto,&nbsp;BA-526, na madrugada desta&nbsp;ter\u00e7a-feira (23).<\/p>\n\n\n<div class=\"wp-block-image\">\n<figure class=\"alignleft size-full is-resized\"><img fetchpriority=\"high\" decoding=\"async\" src=\"https:\/\/www.portalalerta.com.br\/wp-content\/uploads\/2022\/03\/Cred-Real.1.jpg\" alt=\"\" class=\"wp-image-41523\" width=\"395\" height=\"316\" srcset=\"https:\/\/www.portalalerta.com.br\/wp-content\/uploads\/2022\/03\/Cred-Real.1.jpg 500w, https:\/\/www.portalalerta.com.br\/wp-content\/uploads\/2022\/03\/Cred-Real.1-300x240.jpg 300w, https:\/\/www.portalalerta.com.br\/wp-content\/uploads\/2022\/03\/Cred-Real.1-183x146.jpg 183w, https:\/\/www.portalalerta.com.br\/wp-content\/uploads\/2022\/03\/Cred-Real.1-50x40.jpg 50w, https:\/\/www.portalalerta.com.br\/wp-content\/uploads\/2022\/03\/Cred-Real.1-94x75.jpg 94w\" sizes=\"(max-width: 395px) 100vw, 395px\" \/><\/figure><\/div>\n\n\n<p>Policiais militares do Batalh\u00e3o de Pol\u00edcia Rodovi\u00e1ria foram acionados para averiguar den\u00fancia de tombamento de um \u00f4nibus na BA 526, km 10, em&nbsp;Sim\u00f5es&nbsp;Filho.<\/p>\n\n\n\n<p>No local, os militares confirmaram o fato. Os pms isolaram a \u00e1rea e o Samu foi acionado para realizar o atendimento e, em seguida, encaminhou as v\u00edtimas para uma unidade de sa\u00fade da regi\u00e3o.<\/p>\n\n\n\n<p>De acordo com a prefeitura de Cip\u00f3, o acidente ocorreu por volta das 4h. Todos os passageiros foram socorridos pelo motorista da Prefeitura de Ribeira do Amparo, que tamb\u00e9m transportava pessoas para tratamento. Ningu\u00e9m ficou ferido. As v\u00edtimas foram conduzidas para hospitais para realizarem seus procedimentos e exames.<\/p>\n\n\n\n<p>&#8220;<strong><em>Algumas pessoas est\u00e3o na casa de apoio da cidade de Banza\u00ea em Salvador, mas tamb\u00e9m est\u00e3o bem&#8221;,<\/em><\/strong> declarou a prefeitura.<br><br>As circunst\u00e2ncias do acidente ser\u00e3o investigadas pela per\u00edcia.<\/p>\n\n\n\n<p><em>Fonte: Correio<\/em><\/p>\n","protected":false},"excerpt":{"rendered":"<p>Acidente aconteceu na BA-526, em trecho de Sim\u00f5es Filho, na madrugada desta ter\u00e7a-feira (23)<\/p>\n","protected":false},"author":2,"featured_media":49152,"comment_status":"open","ping_status":"open","sticky":false,"template":"","format":"standard","meta":{"om_disable_all_campaigns":false,"_monsterinsights_skip_tracking":false,"_monsterinsights_sitenote_active":false,"_monsterinsights_sitenote_note":"","_monsterinsights_sitenote_category":0,"footnotes":""},"categories":[33,13,70,69,32,19],"tags":[166,5463,100,71,48,75,4178,4180,129,107,4181,132,230,106,203,120,922,51,109,88,47,61,111,190],"class_list":["post-49151","post","type-post","status-publish","format-standard","has-post-thumbnail","hentry","category-bahia","category-cipo","category-destaques","category-noticias2","category-regiao","category-saude","tag-acidente","tag-acidente-de-transito","tag-adustina","tag-antas","tag-araci","tag-cicero-dantas","tag-cipo-2","tag-crisopolis-2","tag-euclides-da-cunha","tag-fatima","tag-heliopolis-2","tag-itapicuru","tag-jeremoabo","tag-nova-soure","tag-novo-triunfo","tag-olindina","tag-onibus","tag-paripiranga","tag-quijingue","tag-ribeira-do-amparo","tag-ribeira-do-pombal","tag-saude","tag-sitio-do-quinto","tag-tucano"],"aioseo_notices":[],"_links":{"self":[{"href":"https:\/\/www.portalalerta.com.br\/index.php\/wp-json\/wp\/v2\/posts\/49151","targetHints":{"allow":["GET"]}}],"collection":[{"href":"https:\/\/www.portalalerta.com.br\/index.php\/wp-json\/wp\/v2\/posts"}],"about":[{"href":"https:\/\/www.portalalerta.com.br\/index.php\/wp-json\/wp\/v2\/types\/post"}],"author":[{"embeddable":true,"href":"https:\/\/www.portalalerta.com.br\/index.php\/wp-json\/wp\/v2\/users\/2"}],"replies":[{"embeddable":true,"href":"https:\/\/www.portalalerta.com.br\/index.php\/wp-json\/wp\/v2\/comments?post=49151"}],"version-history":[{"count":3,"href":"https:\/\/www.portalalerta.com.br\/index.php\/wp-json\/wp\/v2\/posts\/49151\/revisions"}],"predecessor-version":[{"id":49156,"href":"https:\/\/www.portalalerta.com.br\/index.php\/wp-json\/wp\/v2\/posts\/49151\/revisions\/49156"}],"wp:featuredmedia":[{"embeddable":true,"href":"https:\/\/www.portalalerta.com.br\/index.php\/wp-json\/wp\/v2\/media\/49152"}],"wp:attachment":[{"href":"https:\/\/www.portalalerta.com.br\/index.php\/wp-json\/wp\/v2\/media?parent=49151"}],"wp:term":[{"taxonomy":"category","embeddable":true,"href":"https:\/\/www.portalalerta.com.br\/index.php\/wp-json\/wp\/v2\/categories?post=49151"},{"taxonomy":"post_tag","embeddable":true,"href":"https:\/\/www.portalalerta.com.br\/index.php\/wp-json\/wp\/v2\/tags?post=49151"}],"curies":[{"name":"wp","href":"https:\/\/api.w.org\/{rel}","templated":true}]}}