{"id":49161,"date":"2023-05-23T22:23:02","date_gmt":"2023-05-24T01:23:02","guid":{"rendered":"https:\/\/www.portalalerta.com.br\/?p=49161"},"modified":"2023-05-23T22:23:03","modified_gmt":"2023-05-24T01:23:03","slug":"ex-ajudante-de-ordens-de-bolsonaro-responde-a-todas-as-perguntas-em-depoimento-a-pf-sobre-as-joias","status":"publish","type":"post","link":"https:\/\/www.portalalerta.com.br\/index.php\/2023\/05\/23\/ex-ajudante-de-ordens-de-bolsonaro-responde-a-todas-as-perguntas-em-depoimento-a-pf-sobre-as-joias\/","title":{"rendered":"Ex-ajudante de ordens de Bolsonaro responde a todas as perguntas em depoimento \u00e0 PF sobre as joias"},"content":{"rendered":"\n<p>A investiga\u00e7\u00e3o \u00e9 conduzida pela superintend\u00eancia da Pol\u00edcia Federal,&nbsp;em S\u00e3o Paulo<\/p>\n\n\n\n<!--more-->\n\n\n\n<p>O tenente-coronel Mauro Cid, ex-ajudante de ordens no governo Bolsonaro (PL),\u00a0dep\u00f4s \u00e0 Pol\u00edcia Federal\u00a0no inqu\u00e9rito sobre o caso das joias. A investiga\u00e7\u00e3o \u00e9 conduzida pela superintend\u00eancia da Pol\u00edcia Federal,\u00a0em S\u00e3o Paulo. O depoimento foi concedido na segunda-feira (22), mas o conte\u00fado \u00e9 mantido em sigilo pela PF.<\/p>\n\n\n<div class=\"wp-block-image\">\n<figure class=\"alignleft size-full is-resized\"><img fetchpriority=\"high\" decoding=\"async\" src=\"https:\/\/www.portalalerta.com.br\/wp-content\/uploads\/2021\/04\/ELAB.jpg\" alt=\"\" class=\"wp-image-34795\" width=\"458\" height=\"367\" srcset=\"https:\/\/www.portalalerta.com.br\/wp-content\/uploads\/2021\/04\/ELAB.jpg 1000w, https:\/\/www.portalalerta.com.br\/wp-content\/uploads\/2021\/04\/ELAB-300x240.jpg 300w, https:\/\/www.portalalerta.com.br\/wp-content\/uploads\/2021\/04\/ELAB-768x614.jpg 768w, https:\/\/www.portalalerta.com.br\/wp-content\/uploads\/2021\/04\/ELAB-183x146.jpg 183w, https:\/\/www.portalalerta.com.br\/wp-content\/uploads\/2021\/04\/ELAB-50x40.jpg 50w, https:\/\/www.portalalerta.com.br\/wp-content\/uploads\/2021\/04\/ELAB-94x75.jpg 94w\" sizes=\"(max-width: 458px) 100vw, 458px\" \/><\/figure><\/div>\n\n\n<p>Segundo apura\u00e7\u00e3o da equipe de&nbsp;reportagem do Estad\u00e3o,&nbsp;Mauro Cid respondeu a todas as perguntas. O coronel foi ouvido por videoconfer\u00eancia. O depoimento deveria ter acontecido no dia em que Mauro Cid foi preso&nbsp;preventivamente pela opera\u00e7\u00e3o que investiga a fraude nos cart\u00f5es de vacina\u00e7\u00e3o, mas teve de ser remarcado.<\/p>\n\n\n\n<p>Cid j\u00e1 foi interrogado&nbsp;no inqu\u00e9rito sobre as joias, no in\u00edcio do m\u00eas passado, quando confirmou que recebeu pedido do ex-presidente Jair Bolsonaro para tentar reaver as joias obtidas pela Receita Federal.&nbsp;Bolsonaro alegou na sua vers\u00e3o que acionou seus auxiliares para evitar um &#8221;vexame diplom\u00e1tico&#8221;, e que ficou sabendo da exist\u00eancia das joias em 2022, um ano ap\u00f3s a apreens\u00e3o no aeroporto de Guarulhos, em S\u00e3o Paulo.&nbsp;<\/p>\n\n\n\n<p>O conjunto de colar, anel, par de brincos e rel\u00f3gio em ouro branco e diamantes da marca su\u00ed\u00e7a Chopard, avaliado em R$ 16,5 milh\u00f5es, foi um presente do regime da Ar\u00e1bia Saudita. Outros dois kits, com rel\u00f3gio, caneta, ter\u00e7o isl\u00e2mico e abotoaduras, tamb\u00e9m vieram a p\u00fablico. Na semana passada,Cid\u00a0ficou em sil\u00eancio\u00a0sobre o esquema de opera\u00e7\u00e3o de fraudes em\u00a0certificados de vacina da Covid-19.<\/p>\n\n\n\n<p><em>Fonte: Metro1<\/em><\/p>\n","protected":false},"excerpt":{"rendered":"<p>A investiga\u00e7\u00e3o \u00e9 conduzida pela superintend\u00eancia da Pol\u00edcia Federal,&nbsp;em S\u00e3o Paulo<\/p>\n","protected":false},"author":2,"featured_media":48816,"comment_status":"open","ping_status":"open","sticky":false,"template":"","format":"standard","meta":{"om_disable_all_campaigns":false,"_monsterinsights_skip_tracking":false,"_monsterinsights_sitenote_active":false,"_monsterinsights_sitenote_note":"","_monsterinsights_sitenote_category":0,"footnotes":""},"categories":[34,70,69,21],"tags":[100,71,48,93,75,4178,4180,413,129,107,4181,132,1395,230,5980,6016,106,203,120,51,199,109,88,47,111,190],"class_list":["post-49161","post","type-post","status-publish","format-standard","has-post-thumbnail","hentry","category-brasil","category-destaques","category-noticias2","category-politica","tag-adustina","tag-antas","tag-araci","tag-brasil","tag-cicero-dantas","tag-cipo-2","tag-crisopolis-2","tag-depoimento","tag-euclides-da-cunha","tag-fatima","tag-heliopolis-2","tag-itapicuru","tag-jair-bolsonaro","tag-jeremoabo","tag-joias","tag-mauro-cid","tag-nova-soure","tag-novo-triunfo","tag-olindina","tag-paripiranga","tag-politica","tag-quijingue","tag-ribeira-do-amparo","tag-ribeira-do-pombal","tag-sitio-do-quinto","tag-tucano"],"aioseo_notices":[],"_links":{"self":[{"href":"https:\/\/www.portalalerta.com.br\/index.php\/wp-json\/wp\/v2\/posts\/49161","targetHints":{"allow":["GET"]}}],"collection":[{"href":"https:\/\/www.portalalerta.com.br\/index.php\/wp-json\/wp\/v2\/posts"}],"about":[{"href":"https:\/\/www.portalalerta.com.br\/index.php\/wp-json\/wp\/v2\/types\/post"}],"author":[{"embeddable":true,"href":"https:\/\/www.portalalerta.com.br\/index.php\/wp-json\/wp\/v2\/users\/2"}],"replies":[{"embeddable":true,"href":"https:\/\/www.portalalerta.com.br\/index.php\/wp-json\/wp\/v2\/comments?post=49161"}],"version-history":[{"count":1,"href":"https:\/\/www.portalalerta.com.br\/index.php\/wp-json\/wp\/v2\/posts\/49161\/revisions"}],"predecessor-version":[{"id":49162,"href":"https:\/\/www.portalalerta.com.br\/index.php\/wp-json\/wp\/v2\/posts\/49161\/revisions\/49162"}],"wp:featuredmedia":[{"embeddable":true,"href":"https:\/\/www.portalalerta.com.br\/index.php\/wp-json\/wp\/v2\/media\/48816"}],"wp:attachment":[{"href":"https:\/\/www.portalalerta.com.br\/index.php\/wp-json\/wp\/v2\/media?parent=49161"}],"wp:term":[{"taxonomy":"category","embeddable":true,"href":"https:\/\/www.portalalerta.com.br\/index.php\/wp-json\/wp\/v2\/categories?post=49161"},{"taxonomy":"post_tag","embeddable":true,"href":"https:\/\/www.portalalerta.com.br\/index.php\/wp-json\/wp\/v2\/tags?post=49161"}],"curies":[{"name":"wp","href":"https:\/\/api.w.org\/{rel}","templated":true}]}}