{"id":49165,"date":"2023-05-23T22:41:22","date_gmt":"2023-05-24T01:41:22","guid":{"rendered":"https:\/\/www.portalalerta.com.br\/?p=49165"},"modified":"2023-05-23T22:41:23","modified_gmt":"2023-05-24T01:41:23","slug":"jovens-detidos-por-insultar-vinicius-jr-sao-liberados-apos-prestar-depoimento","status":"publish","type":"post","link":"https:\/\/www.portalalerta.com.br\/index.php\/2023\/05\/23\/jovens-detidos-por-insultar-vinicius-jr-sao-liberados-apos-prestar-depoimento\/","title":{"rendered":"Jovens detidos por insultar Vin\u00edcius Jr. s\u00e3o liberados ap\u00f3s prestar depoimento"},"content":{"rendered":"\n<h2 class=\"wp-block-heading\">Foram presos tr\u00eas homens espanh\u00f3is, com idade entre 18 e 21 anos, e a pol\u00edcia continua a investiga\u00e7\u00e3o de outros suspeitos<\/h2>\n\n\n\n<!--more-->\n\n\n\n<p>Os tr\u00eas\u00a0jovens detidos nesta ter\u00e7a-feira, na cidade de Val\u00eancia, pela Pol\u00edcia Nacional espanhola por terem insultado\u00a0Vinicius Jr.\u00a0no \u00faltimo domingo (21) foram liberados h\u00e1 pouco, depois que prestaram depoimento \u00e0s autoridades. De acordo com relatos de fontes policiais \u00e0 EFE, os tr\u00eas foram informados de que precisar\u00e3o comparecer a um tribunal caso sejam denunciados.<\/p>\n\n\n<div class=\"wp-block-image\">\n<figure class=\"alignleft size-full is-resized\"><img fetchpriority=\"high\" decoding=\"async\" src=\"https:\/\/www.portalalerta.com.br\/wp-content\/uploads\/2022\/03\/Cred-Real.1.jpg\" alt=\"\" class=\"wp-image-41523\" width=\"378\" height=\"302\" srcset=\"https:\/\/www.portalalerta.com.br\/wp-content\/uploads\/2022\/03\/Cred-Real.1.jpg 500w, https:\/\/www.portalalerta.com.br\/wp-content\/uploads\/2022\/03\/Cred-Real.1-300x240.jpg 300w, https:\/\/www.portalalerta.com.br\/wp-content\/uploads\/2022\/03\/Cred-Real.1-183x146.jpg 183w, https:\/\/www.portalalerta.com.br\/wp-content\/uploads\/2022\/03\/Cred-Real.1-50x40.jpg 50w, https:\/\/www.portalalerta.com.br\/wp-content\/uploads\/2022\/03\/Cred-Real.1-94x75.jpg 94w\" sizes=\"(max-width: 378px) 100vw, 378px\" \/><\/figure><\/div>\n\n\n<p>A procuradora especializada em crimes de \u00f3dio da Procuradoria Provincial de Val\u00eancia Susana Gisbert informou nesta segunda-feira (22) que abriu uma dilig\u00eancia de of\u00edcio, uma vez que os insultos podem constituir crime de \u00f3dio, embora o caso ainda esteja sendo analisado e n\u00e3o haja, at\u00e9 o momento, nenhuma causa legal aberta.<\/p>\n\n\n\n<p>A Pol\u00edcia da Comunidade Valenciana informou na manh\u00e3 desta ter\u00e7a (23) que os detidos, que t\u00eam idade entre 18 e 21 anos, s\u00e3o espanh\u00f3is e foram acusados \u200b\u200bde um suposto delito relacionado ao exerc\u00edcio dos direitos fundamentais e das liberdades p\u00fablicas.<\/p>\n\n\n\n<p>A investiga\u00e7\u00e3o continua para identificar outros poss\u00edveis autores de condutas semelhantes. As dilig\u00eancias, realizadas pela Pol\u00edcia da Comunidade Valenciana, come\u00e7aram no \u00faltimo domingo, durante o jogo entre o Valencia e o Real Madrid.<\/p>\n\n\n\n<p>A partida chegou a ficar suspensa por alguns minutos no segundo tempo devido \u00e0s inj\u00farias e insinua\u00e7\u00f5es racistas dirigidas ao jogador brasileiro. No momento dos fatos, agentes da Unidade de Interven\u00e7\u00e3o Policial localizaram um dos supostos autores, e, posteriormente, os investigadores realizaram v\u00e1rias dilig\u00eancias, que culminaram com a identifica\u00e7\u00e3o de outros dois suspeitos.<\/p>\n\n\n\n<p>Finalmente, duas das pris\u00f5es ocorreram na cidade de Val\u00eancia, e a terceira, em um munic\u00edpio pr\u00f3ximo, segundo as mesmas fontes.&nbsp;<\/p>\n\n\n\n<p><em>Fonte: R7<\/em><\/p>\n","protected":false},"excerpt":{"rendered":"<p>Foram presos tr\u00eas homens espanh\u00f3is, com idade entre 18 e 21 anos, e a pol\u00edcia continua a investiga\u00e7\u00e3o de outros suspeitos<\/p>\n","protected":false},"author":2,"featured_media":49166,"comment_status":"open","ping_status":"open","sticky":false,"template":"","format":"standard","meta":{"om_disable_all_campaigns":false,"_monsterinsights_skip_tracking":false,"_monsterinsights_sitenote_active":false,"_monsterinsights_sitenote_note":"","_monsterinsights_sitenote_category":0,"footnotes":""},"categories":[70,2,35,69],"tags":[100,71,48,75,4178,4180,899,96,129,107,97,4181,132,230,218,339,106,203,120,51,110,109,331,88,47,111,190,6111],"class_list":["post-49165","post","type-post","status-publish","format-standard","has-post-thumbnail","hentry","category-destaques","category-esportes","category-mundo","category-noticias2","tag-adustina","tag-antas","tag-araci","tag-cicero-dantas","tag-cipo-2","tag-crisopolis-2","tag-espanha","tag-esporte","tag-euclides-da-cunha","tag-fatima","tag-futebol","tag-heliopolis-2","tag-itapicuru","tag-jeremoabo","tag-liberdade","tag-mundo","tag-nova-soure","tag-novo-triunfo","tag-olindina","tag-paripiranga","tag-presos","tag-quijingue","tag-racismo","tag-ribeira-do-amparo","tag-ribeira-do-pombal","tag-sitio-do-quinto","tag-tucano","tag-vinicius-junior"],"aioseo_notices":[],"_links":{"self":[{"href":"https:\/\/www.portalalerta.com.br\/index.php\/wp-json\/wp\/v2\/posts\/49165","targetHints":{"allow":["GET"]}}],"collection":[{"href":"https:\/\/www.portalalerta.com.br\/index.php\/wp-json\/wp\/v2\/posts"}],"about":[{"href":"https:\/\/www.portalalerta.com.br\/index.php\/wp-json\/wp\/v2\/types\/post"}],"author":[{"embeddable":true,"href":"https:\/\/www.portalalerta.com.br\/index.php\/wp-json\/wp\/v2\/users\/2"}],"replies":[{"embeddable":true,"href":"https:\/\/www.portalalerta.com.br\/index.php\/wp-json\/wp\/v2\/comments?post=49165"}],"version-history":[{"count":1,"href":"https:\/\/www.portalalerta.com.br\/index.php\/wp-json\/wp\/v2\/posts\/49165\/revisions"}],"predecessor-version":[{"id":49167,"href":"https:\/\/www.portalalerta.com.br\/index.php\/wp-json\/wp\/v2\/posts\/49165\/revisions\/49167"}],"wp:featuredmedia":[{"embeddable":true,"href":"https:\/\/www.portalalerta.com.br\/index.php\/wp-json\/wp\/v2\/media\/49166"}],"wp:attachment":[{"href":"https:\/\/www.portalalerta.com.br\/index.php\/wp-json\/wp\/v2\/media?parent=49165"}],"wp:term":[{"taxonomy":"category","embeddable":true,"href":"https:\/\/www.portalalerta.com.br\/index.php\/wp-json\/wp\/v2\/categories?post=49165"},{"taxonomy":"post_tag","embeddable":true,"href":"https:\/\/www.portalalerta.com.br\/index.php\/wp-json\/wp\/v2\/tags?post=49165"}],"curies":[{"name":"wp","href":"https:\/\/api.w.org\/{rel}","templated":true}]}}