{"id":49170,"date":"2023-05-24T09:01:00","date_gmt":"2023-05-24T12:01:00","guid":{"rendered":"https:\/\/www.portalalerta.com.br\/?p=49170"},"modified":"2023-05-24T01:06:08","modified_gmt":"2023-05-24T04:06:08","slug":"acusado-de-assassinar-homem-a-pedradas-em-paulo-afonso-ba-e-preso-em-tucano-ba-criminoso-foi-encontrado-em-onibus","status":"publish","type":"post","link":"https:\/\/www.portalalerta.com.br\/index.php\/2023\/05\/24\/acusado-de-assassinar-homem-a-pedradas-em-paulo-afonso-ba-e-preso-em-tucano-ba-criminoso-foi-encontrado-em-onibus\/","title":{"rendered":"Acusado de assassinar homem a pedradas em Paulo Afonso-BA, \u00e9 preso em Tucano-BA. Criminoso foi encontrado em \u00f4nibus!"},"content":{"rendered":"\n<p>Ap\u00f3s troca de informa\u00e7\u00f5es com a Pol\u00edcia Civil ele foi preso a bordo de um \u00f4nibus que foi parado na BR 410 em trecho da cidade de Tucano.<\/p>\n\n\n\n<!--more-->\n\n\n\n<p>A Pol\u00edcia Rodovi\u00e1ria Federal (PRF) prendeu na madrugada de ter\u00e7a-feira (23), um homem de 29 anos que possu\u00eda mandado de pris\u00e3o em aberto pelo cometimento de crime de homic\u00eddio qualificado praticado na \u00faltima sexta-feira (19), em Paulo Afonso-BA.<\/p>\n\n\n\n<p>Ap\u00f3s informa\u00e7\u00f5es fornecidas pela Pol\u00edcia Civil de que um homem com mandado de pris\u00e3o em aberto encontrava-se em um \u00f4nibus de transporte de passageiros, uma equipe da PRF abordou o ve\u00edculo&nbsp;no Km 31 da BR 410, em Tucano-BA.<\/p>\n\n\n\n<p>Ao subirem no ve\u00edculo, os policiais solicitaram os documentos do \u00f4nibus, do motorista e dos passageiros. Em consulta ao banco de dados e sistemas policiais utilizados pela PRF, foi constatado que um dos ocupantes, um homem de 29 anos, possu\u00eda em seu desfavor um mandado de pris\u00e3o em aberto decorrente de processo pelo crime de homic\u00eddio qualificado, que teve como v\u00edtima um homem de 33 anos.<\/p>\n\n\n\n<p>Conforme apurado, o crime ocorreu na noite de sexta-feira (19\/05), pr\u00f3ximo a uma escola estadual, na cidade de Paulo Afonso. A v\u00edtima foi golpeada com pedradas na cabe\u00e7a.<\/p>\n\n\n\n<p>O mandado de pris\u00e3o tempor\u00e1ria foi expedido no s\u00e1bado (21\/05) pelo Plant\u00e3o Judici\u00e1rio do Tribunal de Justi\u00e7a do Estado da Bahia.<\/p>\n\n\n\n<p>Diante dos fatos, foi dada voz de pris\u00e3o ao foragido, sendo este encaminhado \u00e0 autoridade competente da Delegacia de Pol\u00edcia Civil de Euclides da Cunha-BA, para que seja encaminhado \u00e0 Justi\u00e7a e prosseguimento das medidas cab\u00edveis.<\/p>\n\n\n\n<p><em>Fonte: Gov.br<\/em><\/p>\n","protected":false},"excerpt":{"rendered":"<p>Ap\u00f3s troca de informa\u00e7\u00f5es com a Pol\u00edcia Civil ele foi preso a bordo de um \u00f4nibus que foi parado na BR 410 em trecho da cidade de Tucano.<\/p>\n","protected":false},"author":2,"featured_media":49171,"comment_status":"open","ping_status":"open","sticky":false,"template":"","format":"standard","meta":{"om_disable_all_campaigns":false,"_monsterinsights_skip_tracking":false,"_monsterinsights_sitenote_active":false,"_monsterinsights_sitenote_note":"","_monsterinsights_sitenote_category":0,"footnotes":""},"categories":[33,70,69,32,22,12],"tags":[100,71,48,54,75,4178,4180,129,107,4181,258,206,132,230,488,106,203,120,51,118,77,149,109,88,47,111,190],"class_list":["post-49170","post","type-post","status-publish","format-standard","has-post-thumbnail","hentry","category-bahia","category-destaques","category-noticias2","category-regiao","category-seguranca","category-tucano","tag-adustina","tag-antas","tag-araci","tag-bahia","tag-cicero-dantas","tag-cipo-2","tag-crisopolis-2","tag-euclides-da-cunha","tag-fatima","tag-heliopolis-2","tag-homicida","tag-homicidio","tag-itapicuru","tag-jeremoabo","tag-mandado-de-prisao","tag-nova-soure","tag-novo-triunfo","tag-olindina","tag-paripiranga","tag-paulo-afonso","tag-preso","tag-prf","tag-quijingue","tag-ribeira-do-amparo","tag-ribeira-do-pombal","tag-sitio-do-quinto","tag-tucano"],"aioseo_notices":[],"_links":{"self":[{"href":"https:\/\/www.portalalerta.com.br\/index.php\/wp-json\/wp\/v2\/posts\/49170","targetHints":{"allow":["GET"]}}],"collection":[{"href":"https:\/\/www.portalalerta.com.br\/index.php\/wp-json\/wp\/v2\/posts"}],"about":[{"href":"https:\/\/www.portalalerta.com.br\/index.php\/wp-json\/wp\/v2\/types\/post"}],"author":[{"embeddable":true,"href":"https:\/\/www.portalalerta.com.br\/index.php\/wp-json\/wp\/v2\/users\/2"}],"replies":[{"embeddable":true,"href":"https:\/\/www.portalalerta.com.br\/index.php\/wp-json\/wp\/v2\/comments?post=49170"}],"version-history":[{"count":1,"href":"https:\/\/www.portalalerta.com.br\/index.php\/wp-json\/wp\/v2\/posts\/49170\/revisions"}],"predecessor-version":[{"id":49172,"href":"https:\/\/www.portalalerta.com.br\/index.php\/wp-json\/wp\/v2\/posts\/49170\/revisions\/49172"}],"wp:featuredmedia":[{"embeddable":true,"href":"https:\/\/www.portalalerta.com.br\/index.php\/wp-json\/wp\/v2\/media\/49171"}],"wp:attachment":[{"href":"https:\/\/www.portalalerta.com.br\/index.php\/wp-json\/wp\/v2\/media?parent=49170"}],"wp:term":[{"taxonomy":"category","embeddable":true,"href":"https:\/\/www.portalalerta.com.br\/index.php\/wp-json\/wp\/v2\/categories?post=49170"},{"taxonomy":"post_tag","embeddable":true,"href":"https:\/\/www.portalalerta.com.br\/index.php\/wp-json\/wp\/v2\/tags?post=49170"}],"curies":[{"name":"wp","href":"https:\/\/api.w.org\/{rel}","templated":true}]}}