{"id":49173,"date":"2023-05-24T09:02:00","date_gmt":"2023-05-24T12:02:00","guid":{"rendered":"https:\/\/www.portalalerta.com.br\/?p=49173"},"modified":"2023-05-24T01:13:02","modified_gmt":"2023-05-24T04:13:02","slug":"na-primeira-manifestacao-e-so-deixar-invadir-o-congresso-disse-major-da-pm-em-grupo-de-conversa-de-militares","status":"publish","type":"post","link":"https:\/\/www.portalalerta.com.br\/index.php\/2023\/05\/24\/na-primeira-manifestacao-e-so-deixar-invadir-o-congresso-disse-major-da-pm-em-grupo-de-conversa-de-militares\/","title":{"rendered":"&#8216;Na primeira manifesta\u00e7\u00e3o, \u00e9 s\u00f3 deixar invadir o Congresso&#8217;, disse major da PM em grupo de conversa de militares"},"content":{"rendered":"\n<p>O Fl\u00e1vio Silvestre Alencar, preso na opera\u00e7\u00e3o &#8220;Lesa P\u00e1tria&#8221;, fez a declara\u00e7\u00e3o em um grupo de WhatsApp com outros PM&#8217;s<\/p>\n\n\n\n<!--more-->\n\n\n\n<p>O major da Pol\u00edcia Militar Fl\u00e1vio Silvestre Alencar, preso na 12\u00aa fase da opera\u00e7\u00e3o <strong>&#8220;Lesa P\u00e1tria&#8221;<\/strong>, deflagrada nesta segunda-feira (23) pela Pol\u00edcia Federal, disse em um grupo de conversas de militares que <strong><em>&#8220;na primeira manifesta\u00e7\u00e3o, \u00e9 s\u00f3 deixar invadir o Congresso&#8221;.<\/em><\/strong> Segundo informa\u00e7\u00f5es do g1, a mensagem foi enviada em 20 de dezembro, antes dos ataques terroristas do dia 8 de janeiro.<\/p>\n\n\n<div class=\"wp-block-image\">\n<figure class=\"alignleft size-full\"><img fetchpriority=\"high\" decoding=\"async\" width=\"400\" height=\"300\" src=\"https:\/\/www.portalalerta.com.br\/wp-content\/uploads\/2023\/01\/Auto-Escola-Sonho.jpg\" alt=\"\" class=\"wp-image-47083\" srcset=\"https:\/\/www.portalalerta.com.br\/wp-content\/uploads\/2023\/01\/Auto-Escola-Sonho.jpg 400w, https:\/\/www.portalalerta.com.br\/wp-content\/uploads\/2023\/01\/Auto-Escola-Sonho-320x240.jpg 320w\" sizes=\"(max-width: 400px) 100vw, 400px\" \/><\/figure><\/div>\n\n\n<p>As mensagens foram encontradas no celular de outro policial, o tenente Rafael Pereira Martins,&nbsp;preso em fevereiro, na 5\u00aa etapa da investiga\u00e7\u00e3o. Na&nbsp;\u00e9poca, Fl\u00e1vio tamb\u00e9m foi detido pelos investigadores. A conversa ocorreu em um grupo chamado <strong>&#8220;Oficiais PMDF&#8221;<\/strong>. Na troca de mensagens, os policiais comentavam sobre poss\u00edveis manifesta\u00e7\u00f5es em Bras\u00edlia.<\/p>\n\n\n\n<p>Em um momento da conversa, Fl\u00e1vio diz que, em caso de protestos, era para deixar invadir o Congresso Nacional. No fim do texto, ele enviou <strong>&#8220;kkk&#8221;<\/strong>. A mensagem justificou a pris\u00e3o do militar nesta ter\u00e7a. Em nota enviada ao portal, a Pol\u00edcia Militar disse que n\u00e3o vai comentar o caso.<\/p>\n\n\n\n<p><em>Fonte: Metro1<\/em><\/p>\n","protected":false},"excerpt":{"rendered":"<p>O Fl\u00e1vio Silvestre Alencar, preso na opera\u00e7\u00e3o &#8220;Lesa P\u00e1tria&#8221;, fez a declara\u00e7\u00e3o em um grupo de WhatsApp com outros PM&#8217;s<\/p>\n","protected":false},"author":2,"featured_media":49174,"comment_status":"open","ping_status":"open","sticky":false,"template":"","format":"standard","meta":{"om_disable_all_campaigns":false,"_monsterinsights_skip_tracking":false,"_monsterinsights_sitenote_active":false,"_monsterinsights_sitenote_note":"","_monsterinsights_sitenote_category":0,"footnotes":""},"categories":[34,70,69,21,22],"tags":[100,71,48,5838,93,75,4178,4180,129,107,4181,132,230,2005,106,203,120,51,4982,109,88,47,111],"class_list":["post-49173","post","type-post","status-publish","format-standard","has-post-thumbnail","hentry","category-brasil","category-destaques","category-noticias2","category-politica","category-seguranca","tag-adustina","tag-antas","tag-araci","tag-atos-antidemocraticos","tag-brasil","tag-cicero-dantas","tag-cipo-2","tag-crisopolis-2","tag-euclides-da-cunha","tag-fatima","tag-heliopolis-2","tag-itapicuru","tag-jeremoabo","tag-major","tag-nova-soure","tag-novo-triunfo","tag-olindina","tag-paripiranga","tag-policial-militar","tag-quijingue","tag-ribeira-do-amparo","tag-ribeira-do-pombal","tag-sitio-do-quinto"],"aioseo_notices":[],"_links":{"self":[{"href":"https:\/\/www.portalalerta.com.br\/index.php\/wp-json\/wp\/v2\/posts\/49173","targetHints":{"allow":["GET"]}}],"collection":[{"href":"https:\/\/www.portalalerta.com.br\/index.php\/wp-json\/wp\/v2\/posts"}],"about":[{"href":"https:\/\/www.portalalerta.com.br\/index.php\/wp-json\/wp\/v2\/types\/post"}],"author":[{"embeddable":true,"href":"https:\/\/www.portalalerta.com.br\/index.php\/wp-json\/wp\/v2\/users\/2"}],"replies":[{"embeddable":true,"href":"https:\/\/www.portalalerta.com.br\/index.php\/wp-json\/wp\/v2\/comments?post=49173"}],"version-history":[{"count":1,"href":"https:\/\/www.portalalerta.com.br\/index.php\/wp-json\/wp\/v2\/posts\/49173\/revisions"}],"predecessor-version":[{"id":49175,"href":"https:\/\/www.portalalerta.com.br\/index.php\/wp-json\/wp\/v2\/posts\/49173\/revisions\/49175"}],"wp:featuredmedia":[{"embeddable":true,"href":"https:\/\/www.portalalerta.com.br\/index.php\/wp-json\/wp\/v2\/media\/49174"}],"wp:attachment":[{"href":"https:\/\/www.portalalerta.com.br\/index.php\/wp-json\/wp\/v2\/media?parent=49173"}],"wp:term":[{"taxonomy":"category","embeddable":true,"href":"https:\/\/www.portalalerta.com.br\/index.php\/wp-json\/wp\/v2\/categories?post=49173"},{"taxonomy":"post_tag","embeddable":true,"href":"https:\/\/www.portalalerta.com.br\/index.php\/wp-json\/wp\/v2\/tags?post=49173"}],"curies":[{"name":"wp","href":"https:\/\/api.w.org\/{rel}","templated":true}]}}