{"id":49178,"date":"2023-05-24T15:22:48","date_gmt":"2023-05-24T18:22:48","guid":{"rendered":"https:\/\/www.portalalerta.com.br\/?p=49178"},"modified":"2023-05-24T15:22:49","modified_gmt":"2023-05-24T18:22:49","slug":"apos-sete-anos-ribeira-do-pombal-volta-ao-intermunicipal-de-futebol","status":"publish","type":"post","link":"https:\/\/www.portalalerta.com.br\/index.php\/2023\/05\/24\/apos-sete-anos-ribeira-do-pombal-volta-ao-intermunicipal-de-futebol\/","title":{"rendered":"Ap\u00f3s sete anos Ribeira do Pombal volta ao Intermunicipal de Futebol"},"content":{"rendered":"\n<p>A not\u00edcia saiu nessa ter\u00e7a-feira, 23. Ap\u00f3s sete anos desde a \u00faltima vez que participou da competi\u00e7\u00e3o, a Secretaria de Esportes anunciou a inscri\u00e7\u00e3o da sele\u00e7\u00e3o pombalense no Campeonato Baiano de Futebol Intermunicipal 2023. A not\u00edcia atende a um sonho dos desportistas a atletas pombalenses que desde 2016 n\u00e3o veem seu time entre os principais jogadores de futebol do interior da Bahia.<\/p>\n\n\n\n<!--more-->\n\n\n\n<p>A abertura do campeonato ser\u00e1 em julho e a sele\u00e7\u00e3o de Ribeira do Pombal anunciou que come\u00e7a a treinar desde j\u00e1, pois o novo desafio exige mais prepara\u00e7\u00e3o, afinal o objetivo do time \u00e9 fazer bonito e lutar por essa grande conquista capaz de destacar a for\u00e7a do esporte da Capital do Semi\u00e1rido.<\/p>\n\n\n\n<p><em>Fonte: SECOM\/ Ribeira do Pombal<\/em><\/p>\n","protected":false},"excerpt":{"rendered":"<p>A not\u00edcia saiu nessa ter\u00e7a-feira, 23. Ap\u00f3s sete anos desde a \u00faltima vez que participou da competi\u00e7\u00e3o, a Secretaria de Esportes anunciou a inscri\u00e7\u00e3o da sele\u00e7\u00e3o pombalense no Campeonato Baiano de Futebol Intermunicipal 2023. A not\u00edcia atende a um sonho dos desportistas a atletas pombalenses que desde 2016 n\u00e3o veem seu time entre os principais &hellip;<\/p>\n","protected":false},"author":2,"featured_media":49179,"comment_status":"open","ping_status":"open","sticky":false,"template":"","format":"standard","meta":{"om_disable_all_campaigns":false,"_monsterinsights_skip_tracking":false,"_monsterinsights_sitenote_active":false,"_monsterinsights_sitenote_note":"","_monsterinsights_sitenote_category":0,"footnotes":""},"categories":[70,2,69,32,3],"tags":[100,71,48,75,4178,4180,96,129,107,97,4181,1440,132,230,106,203,120,51,109,88,47,111,190],"class_list":["post-49178","post","type-post","status-publish","format-standard","has-post-thumbnail","hentry","category-destaques","category-esportes","category-noticias2","category-regiao","category-ribeira-do-pombal","tag-adustina","tag-antas","tag-araci","tag-cicero-dantas","tag-cipo-2","tag-crisopolis-2","tag-esporte","tag-euclides-da-cunha","tag-fatima","tag-futebol","tag-heliopolis-2","tag-intermunicipal","tag-itapicuru","tag-jeremoabo","tag-nova-soure","tag-novo-triunfo","tag-olindina","tag-paripiranga","tag-quijingue","tag-ribeira-do-amparo","tag-ribeira-do-pombal","tag-sitio-do-quinto","tag-tucano"],"aioseo_notices":[],"_links":{"self":[{"href":"https:\/\/www.portalalerta.com.br\/index.php\/wp-json\/wp\/v2\/posts\/49178","targetHints":{"allow":["GET"]}}],"collection":[{"href":"https:\/\/www.portalalerta.com.br\/index.php\/wp-json\/wp\/v2\/posts"}],"about":[{"href":"https:\/\/www.portalalerta.com.br\/index.php\/wp-json\/wp\/v2\/types\/post"}],"author":[{"embeddable":true,"href":"https:\/\/www.portalalerta.com.br\/index.php\/wp-json\/wp\/v2\/users\/2"}],"replies":[{"embeddable":true,"href":"https:\/\/www.portalalerta.com.br\/index.php\/wp-json\/wp\/v2\/comments?post=49178"}],"version-history":[{"count":1,"href":"https:\/\/www.portalalerta.com.br\/index.php\/wp-json\/wp\/v2\/posts\/49178\/revisions"}],"predecessor-version":[{"id":49180,"href":"https:\/\/www.portalalerta.com.br\/index.php\/wp-json\/wp\/v2\/posts\/49178\/revisions\/49180"}],"wp:featuredmedia":[{"embeddable":true,"href":"https:\/\/www.portalalerta.com.br\/index.php\/wp-json\/wp\/v2\/media\/49179"}],"wp:attachment":[{"href":"https:\/\/www.portalalerta.com.br\/index.php\/wp-json\/wp\/v2\/media?parent=49178"}],"wp:term":[{"taxonomy":"category","embeddable":true,"href":"https:\/\/www.portalalerta.com.br\/index.php\/wp-json\/wp\/v2\/categories?post=49178"},{"taxonomy":"post_tag","embeddable":true,"href":"https:\/\/www.portalalerta.com.br\/index.php\/wp-json\/wp\/v2\/tags?post=49178"}],"curies":[{"name":"wp","href":"https:\/\/api.w.org\/{rel}","templated":true}]}}