{"id":49181,"date":"2023-05-24T15:30:29","date_gmt":"2023-05-24T18:30:29","guid":{"rendered":"https:\/\/www.portalalerta.com.br\/?p=49181"},"modified":"2023-05-24T15:51:44","modified_gmt":"2023-05-24T18:51:44","slug":"marcola-do-pcc-aciona-stf-contra-o-bolsonarista-sargento-fahur-por-acusacao-escatologica","status":"publish","type":"post","link":"https:\/\/www.portalalerta.com.br\/index.php\/2023\/05\/24\/marcola-do-pcc-aciona-stf-contra-o-bolsonarista-sargento-fahur-por-acusacao-escatologica\/","title":{"rendered":"Marcola, do PCC, aciona STF contra Sargento Fahur por acusa\u00e7\u00e3o escatol\u00f3gica"},"content":{"rendered":"\n<p>L\u00edder m\u00e1ximo do Primeiro Comando da Capital, que est\u00e1 preso em Bras\u00edlia, quer explica\u00e7\u00f5es do parlamentar sobre fala feita em podcast<\/p>\n\n\n\n<!--more-->\n\n\n\n<p>Em abril deste ano, Marco Willians Herbas Camacho, o&nbsp;Marcola, chefe m\u00e1ximo do Primeiro Comando da Capital (PCC), maior organiza\u00e7\u00e3o criminosa do Brasil, entrou com uma&nbsp;<strong>interpela\u00e7\u00e3o judicial no Supremo Tribunal Federal (STF)<\/strong>&nbsp;contra o deputado federal bolsonarista&nbsp;Sargento Fahur (PSD-PR)&nbsp;por uma declara\u00e7\u00e3o feita em entrevista a um podcast com acusa\u00e7\u00f5es escatol\u00f3gicas.&nbsp;<\/p>\n\n\n<div class=\"wp-block-image\">\n<figure class=\"alignleft size-full is-resized\"><img fetchpriority=\"high\" decoding=\"async\" src=\"https:\/\/www.portalalerta.com.br\/wp-content\/uploads\/2021\/04\/ELAB.jpg\" alt=\"\" class=\"wp-image-34795\" width=\"427\" height=\"341\" srcset=\"https:\/\/www.portalalerta.com.br\/wp-content\/uploads\/2021\/04\/ELAB.jpg 1000w, https:\/\/www.portalalerta.com.br\/wp-content\/uploads\/2021\/04\/ELAB-300x240.jpg 300w, https:\/\/www.portalalerta.com.br\/wp-content\/uploads\/2021\/04\/ELAB-768x614.jpg 768w, https:\/\/www.portalalerta.com.br\/wp-content\/uploads\/2021\/04\/ELAB-183x146.jpg 183w, https:\/\/www.portalalerta.com.br\/wp-content\/uploads\/2021\/04\/ELAB-50x40.jpg 50w, https:\/\/www.portalalerta.com.br\/wp-content\/uploads\/2021\/04\/ELAB-94x75.jpg 94w\" sizes=\"(max-width: 427px) 100vw, 427px\" \/><\/figure><\/div>\n\n\n<p>A interpela\u00e7\u00e3o est\u00e1 com o ministro&nbsp;<strong>Luiz Fux<\/strong>, que nesta segunda-feira (22) pediu manifesta\u00e7\u00e3o da Procuradoria-Geral da Rep\u00fablica (PGR) sobre o caso.&nbsp;<\/p>\n\n\n\n<p>A defesa de Marcola quer que Fahur preste esclarecimentos sobre uma declara\u00e7\u00e3o,&nbsp;dada em entrevista, afirmando que o chefe do PCC&nbsp;toma rem\u00e9dios fort\u00edssimos para&nbsp;<strong>n\u00e3o defecar sangue por conta da inser\u00e7\u00e3o de baterias no pr\u00f3prio \u00e2nus<\/strong>. O deputado disse que tais informa\u00e7\u00f5es lhe foram repassadas por um agente de seguran\u00e7a da Penitenci\u00e1ria Federal de Bras\u00edlia (DF), onde Marcola est\u00e1 preso.<\/p>\n\n\n\n<p>Os advogados do l\u00edder da organiza\u00e7\u00e3o criminosa querem que o STF investigue como Fahur obteve tais informa\u00e7\u00f5es e se chegou a consultar o prontu\u00e1rio m\u00e9dico do detento, pois se tratariam de fatos<strong>&nbsp;&#8220;relativamente sigilosos, cuja obten\u00e7\u00e3o deu-se em raz\u00e3o do cargo de deputado federal&#8221;.&nbsp;<\/strong><\/p>\n\n\n\n<p>A interpela\u00e7\u00e3o se sustenta no&nbsp;artigo&nbsp;<strong>144 do C\u00f3digo Penal<\/strong>, que versa sobre&nbsp;<strong><em>&#8220;refer\u00eancias, alus\u00f5es ou frases,&nbsp;cal\u00fania, difama\u00e7\u00e3o ou inj\u00faria&#8221;<\/em><\/strong>, e prev\u00ea que&nbsp;<strong><em>&#8220;quem se julga ofendido pode pedir explica\u00e7\u00f5es em ju\u00edzo. Aquele que se recusa a d\u00e1-las ou, a crit\u00e9rio do juiz, n\u00e3o as d\u00e1 satisfat\u00f3rias, responde pela ofensa&#8221;<\/em><\/strong>. O caso pode ensejar uma eventual a\u00e7\u00e3o penal de&nbsp;<strong>crime contra a honra<\/strong>.&nbsp;<\/p>\n\n\n\n<p>At\u00e9 o momento da publica\u00e7\u00e3o desta mat\u00e9ria o deputado Sargento Fahur n\u00e3o avia se manifestado sobre a a\u00e7\u00e3o judicial protocolada por Marcola.&nbsp;<\/p>\n\n\n\n<p><em>Fonte: Revista Forum<\/em><\/p>\n","protected":false},"excerpt":{"rendered":"<p>L\u00edder m\u00e1ximo do Primeiro Comando da Capital, que est\u00e1 preso em Bras\u00edlia, quer explica\u00e7\u00f5es do parlamentar sobre fala feita em podcast<\/p>\n","protected":false},"author":2,"featured_media":49182,"comment_status":"open","ping_status":"open","sticky":false,"template":"","format":"standard","meta":{"om_disable_all_campaigns":false,"_monsterinsights_skip_tracking":false,"_monsterinsights_sitenote_active":false,"_monsterinsights_sitenote_note":"","_monsterinsights_sitenote_category":0,"footnotes":""},"categories":[34,70,69,21,22],"tags":[100,71,48,93,75,4178,4180,129,107,4181,132,230,2372,106,203,120,51,613,109,88,47,6134,111,216,190],"class_list":["post-49181","post","type-post","status-publish","format-standard","has-post-thumbnail","hentry","category-brasil","category-destaques","category-noticias2","category-politica","category-seguranca","tag-adustina","tag-antas","tag-araci","tag-brasil","tag-cicero-dantas","tag-cipo-2","tag-crisopolis-2","tag-euclides-da-cunha","tag-fatima","tag-heliopolis-2","tag-itapicuru","tag-jeremoabo","tag-marcola","tag-nova-soure","tag-novo-triunfo","tag-olindina","tag-paripiranga","tag-pcc","tag-quijingue","tag-ribeira-do-amparo","tag-ribeira-do-pombal","tag-sgt-fahur","tag-sitio-do-quinto","tag-stf","tag-tucano"],"aioseo_notices":[],"_links":{"self":[{"href":"https:\/\/www.portalalerta.com.br\/index.php\/wp-json\/wp\/v2\/posts\/49181","targetHints":{"allow":["GET"]}}],"collection":[{"href":"https:\/\/www.portalalerta.com.br\/index.php\/wp-json\/wp\/v2\/posts"}],"about":[{"href":"https:\/\/www.portalalerta.com.br\/index.php\/wp-json\/wp\/v2\/types\/post"}],"author":[{"embeddable":true,"href":"https:\/\/www.portalalerta.com.br\/index.php\/wp-json\/wp\/v2\/users\/2"}],"replies":[{"embeddable":true,"href":"https:\/\/www.portalalerta.com.br\/index.php\/wp-json\/wp\/v2\/comments?post=49181"}],"version-history":[{"count":2,"href":"https:\/\/www.portalalerta.com.br\/index.php\/wp-json\/wp\/v2\/posts\/49181\/revisions"}],"predecessor-version":[{"id":49189,"href":"https:\/\/www.portalalerta.com.br\/index.php\/wp-json\/wp\/v2\/posts\/49181\/revisions\/49189"}],"wp:featuredmedia":[{"embeddable":true,"href":"https:\/\/www.portalalerta.com.br\/index.php\/wp-json\/wp\/v2\/media\/49182"}],"wp:attachment":[{"href":"https:\/\/www.portalalerta.com.br\/index.php\/wp-json\/wp\/v2\/media?parent=49181"}],"wp:term":[{"taxonomy":"category","embeddable":true,"href":"https:\/\/www.portalalerta.com.br\/index.php\/wp-json\/wp\/v2\/categories?post=49181"},{"taxonomy":"post_tag","embeddable":true,"href":"https:\/\/www.portalalerta.com.br\/index.php\/wp-json\/wp\/v2\/tags?post=49181"}],"curies":[{"name":"wp","href":"https:\/\/api.w.org\/{rel}","templated":true}]}}