{"id":49187,"date":"2023-05-24T15:46:42","date_gmt":"2023-05-24T18:46:42","guid":{"rendered":"https:\/\/www.portalalerta.com.br\/?p=49187"},"modified":"2023-05-24T15:46:44","modified_gmt":"2023-05-24T18:46:44","slug":"mundo-deve-se-preparar-para-surto-mais-mortal-do-que-a-covid-19-alerta-chefe-da-oms","status":"publish","type":"post","link":"https:\/\/www.portalalerta.com.br\/index.php\/2023\/05\/24\/mundo-deve-se-preparar-para-surto-mais-mortal-do-que-a-covid-19-alerta-chefe-da-oms\/","title":{"rendered":"Mundo deve se preparar para surto mais mortal do que a Covid-19, alerta chefe da OMS"},"content":{"rendered":"\n<p>A\u00a0Organiza\u00e7\u00e3o Mundial da Sa\u00fade\u00a0(OMS) lan\u00e7ou uma rede global para prevenir doen\u00e7as. A Rede Internacional de Vigil\u00e2ncia de Pat\u00f3geno tem como objetivo melhorar sistemas de coleta de amostras, usando dados que possam contribuir para pol\u00edticas p\u00fablicas, facilitar o processo de decis\u00e3o por gestores, al\u00e9m de compartilhar informa\u00e7\u00f5es de maneira mais ampla entre a comunidade cient\u00edfica.<\/p>\n\n\n\n<!--more-->\n\n\n\n<p>A iniciativa foi anunciada no s\u00e1bado (20), \u00e0s v\u00e9speras da 76\u00aa Assembleia Mundial da Sa\u00fade (AMS), que vai at\u00e9 30 de maio. Em discurso no evento na segunda-feira (22), o diretor-geral da OMS,\u00a0Tedros Adhanom,\u00a0destacou a import\u00e2ncia da prepara\u00e7\u00e3o pelos pa\u00edses para novas emerg\u00eancias sanit\u00e1rias.<\/p>\n\n\n\n<p><strong><em>\u201cPermanece a amea\u00e7a do surgimento de outra variante que causa novos surtos de doen\u00e7as e mortes. E a amea\u00e7a de outro pat\u00f3geno emergente com potencial ainda mais mortal permanece. E as pandemias est\u00e3o longe de ser a \u00fanica amea\u00e7a que enfrentamos. Em um mundo de crises sobrepostas e convergentes, uma arquitetura eficaz para prepara\u00e7\u00e3o e resposta a emerg\u00eancias de sa\u00fade deve abordar emerg\u00eancias de todos os tipos\u201d,<\/em><\/strong> afirmou Adhanom.<\/p>\n\n\n\n<p><strong>Rastreio de doen\u00e7as<\/strong><\/p>\n\n\n\n<p>A nova rede utiliza como base de dados informa\u00e7\u00f5es gen\u00f4micas de agentes causadores de doen\u00e7as, a partir da an\u00e1lise do c\u00f3digo gen\u00e9tico de v\u00edrus, bact\u00e9rias e outros microrganismos. O objetivo \u00e9 compreender melhor caracter\u00edsticas das infec\u00e7\u00f5es, como sintomas, transmiss\u00e3o e riscos para a sa\u00fade.<\/p>\n\n\n<div class=\"wp-block-image\">\n<figure class=\"alignleft size-full is-resized\"><img fetchpriority=\"high\" decoding=\"async\" src=\"https:\/\/www.portalalerta.com.br\/wp-content\/uploads\/2022\/03\/Cred-Real.1.jpg\" alt=\"\" class=\"wp-image-41523\" width=\"373\" height=\"298\" srcset=\"https:\/\/www.portalalerta.com.br\/wp-content\/uploads\/2022\/03\/Cred-Real.1.jpg 500w, https:\/\/www.portalalerta.com.br\/wp-content\/uploads\/2022\/03\/Cred-Real.1-300x240.jpg 300w, https:\/\/www.portalalerta.com.br\/wp-content\/uploads\/2022\/03\/Cred-Real.1-183x146.jpg 183w, https:\/\/www.portalalerta.com.br\/wp-content\/uploads\/2022\/03\/Cred-Real.1-50x40.jpg 50w, https:\/\/www.portalalerta.com.br\/wp-content\/uploads\/2022\/03\/Cred-Real.1-94x75.jpg 94w\" sizes=\"(max-width: 373px) 100vw, 373px\" \/><\/figure><\/div>\n\n\n<p>De acordo com a OMS, cientistas e especialistas de sa\u00fade p\u00fablica poder\u00e3o identificar e rastrear as doen\u00e7as com base nas informa\u00e7\u00f5es. A partir disso, a ideia \u00e9 prevenir e responder a surtos como parte de um sistema mais abrangente de vigil\u00e2ncia, al\u00e9m de desenvolver tratamentos e vacinas.<\/p>\n\n\n\n<p>Com a operacionaliza\u00e7\u00e3o da rede, a OMS destaca que os pa\u00edses poder\u00e3o detectar e responder a amea\u00e7as de doen\u00e7as antes que elas se tornem epidemias ou pandemias.<\/p>\n\n\n\n<p><strong><em>\u201cO objetivo dessa nova rede \u00e9 ambicioso, mas tamb\u00e9m pode desempenhar um papel vital na seguran\u00e7a da sa\u00fade: dar a todos os pa\u00edses acesso ao sequenciamento e an\u00e1lise gen\u00f4mica de pat\u00f3genos como parte de seu sistema de sa\u00fade p\u00fablica\u201d<\/em><\/strong>, disse o diretor-geral da OMS.<\/p>\n\n\n\n<p>Fonte: CNN<\/p>\n","protected":false},"excerpt":{"rendered":"<p>A\u00a0Organiza\u00e7\u00e3o Mundial da Sa\u00fade\u00a0(OMS) lan\u00e7ou uma rede global para prevenir doen\u00e7as. A Rede Internacional de Vigil\u00e2ncia de Pat\u00f3geno tem como objetivo melhorar sistemas de coleta de amostras, usando dados que possam contribuir para pol\u00edticas p\u00fablicas, facilitar o processo de decis\u00e3o por gestores, al\u00e9m de compartilhar informa\u00e7\u00f5es de maneira mais ampla entre a comunidade cient\u00edfica.<\/p>\n","protected":false},"author":2,"featured_media":33828,"comment_status":"open","ping_status":"open","sticky":false,"template":"","format":"standard","meta":{"om_disable_all_campaigns":false,"_monsterinsights_skip_tracking":false,"_monsterinsights_sitenote_active":false,"_monsterinsights_sitenote_note":"","_monsterinsights_sitenote_category":0,"footnotes":""},"categories":[70,35,69,19],"tags":[100,71,48,75,4178,4180,2245,129,107,4181,132,230,339,106,203,120,2954,51,109,88,47,111,3333,190],"class_list":["post-49187","post","type-post","status-publish","format-standard","has-post-thumbnail","hentry","category-destaques","category-mundo","category-noticias2","category-saude","tag-adustina","tag-antas","tag-araci","tag-cicero-dantas","tag-cipo-2","tag-crisopolis-2","tag-doenca","tag-euclides-da-cunha","tag-fatima","tag-heliopolis-2","tag-itapicuru","tag-jeremoabo","tag-mundo","tag-nova-soure","tag-novo-triunfo","tag-olindina","tag-oms","tag-paripiranga","tag-quijingue","tag-ribeira-do-amparo","tag-ribeira-do-pombal","tag-sitio-do-quinto","tag-surto","tag-tucano"],"aioseo_notices":[],"_links":{"self":[{"href":"https:\/\/www.portalalerta.com.br\/index.php\/wp-json\/wp\/v2\/posts\/49187","targetHints":{"allow":["GET"]}}],"collection":[{"href":"https:\/\/www.portalalerta.com.br\/index.php\/wp-json\/wp\/v2\/posts"}],"about":[{"href":"https:\/\/www.portalalerta.com.br\/index.php\/wp-json\/wp\/v2\/types\/post"}],"author":[{"embeddable":true,"href":"https:\/\/www.portalalerta.com.br\/index.php\/wp-json\/wp\/v2\/users\/2"}],"replies":[{"embeddable":true,"href":"https:\/\/www.portalalerta.com.br\/index.php\/wp-json\/wp\/v2\/comments?post=49187"}],"version-history":[{"count":1,"href":"https:\/\/www.portalalerta.com.br\/index.php\/wp-json\/wp\/v2\/posts\/49187\/revisions"}],"predecessor-version":[{"id":49188,"href":"https:\/\/www.portalalerta.com.br\/index.php\/wp-json\/wp\/v2\/posts\/49187\/revisions\/49188"}],"wp:featuredmedia":[{"embeddable":true,"href":"https:\/\/www.portalalerta.com.br\/index.php\/wp-json\/wp\/v2\/media\/33828"}],"wp:attachment":[{"href":"https:\/\/www.portalalerta.com.br\/index.php\/wp-json\/wp\/v2\/media?parent=49187"}],"wp:term":[{"taxonomy":"category","embeddable":true,"href":"https:\/\/www.portalalerta.com.br\/index.php\/wp-json\/wp\/v2\/categories?post=49187"},{"taxonomy":"post_tag","embeddable":true,"href":"https:\/\/www.portalalerta.com.br\/index.php\/wp-json\/wp\/v2\/tags?post=49187"}],"curies":[{"name":"wp","href":"https:\/\/api.w.org\/{rel}","templated":true}]}}