{"id":49190,"date":"2023-05-25T09:00:00","date_gmt":"2023-05-25T12:00:00","guid":{"rendered":"https:\/\/www.portalalerta.com.br\/?p=49190"},"modified":"2023-05-24T22:38:01","modified_gmt":"2023-05-25T01:38:01","slug":"governadores-querem-mais-debate-sobre-reforma-tributaria","status":"publish","type":"post","link":"https:\/\/www.portalalerta.com.br\/index.php\/2023\/05\/25\/governadores-querem-mais-debate-sobre-reforma-tributaria\/","title":{"rendered":"Governadores querem mais debate sobre reforma tribut\u00e1ria"},"content":{"rendered":"\n<p><em>Chefes de Executivo estaduais se reuniram nesta quarta em Bras\u00edlia<\/em><\/p>\n\n\n\n<!--more-->\n\n\n\n<p>A maior parte dos chefes de Executivo estaduais que participam do F\u00f3rum de Governadores, nesta quarta-feira (24) em Bras\u00edlia, tem uma \u201cavalia\u00e7\u00e3o positiva\u201d da proposta de reforma tribut\u00e1ria que tramita no Congresso Nacional. O apoio, no entanto, depende ainda da finaliza\u00e7\u00e3o do texto que ser\u00e1 apresentado pelo relator da mat\u00e9ria na C\u00e2mara dos Deputados, Aguinaldo Ribeiro (PP-PB).<\/p>\n\n\n<div class=\"wp-block-image\">\n<figure class=\"alignleft size-full is-resized\"><img fetchpriority=\"high\" decoding=\"async\" src=\"https:\/\/www.portalalerta.com.br\/wp-content\/uploads\/2021\/04\/ELAB.jpg\" alt=\"\" class=\"wp-image-34795\" width=\"391\" height=\"312\" srcset=\"https:\/\/www.portalalerta.com.br\/wp-content\/uploads\/2021\/04\/ELAB.jpg 1000w, https:\/\/www.portalalerta.com.br\/wp-content\/uploads\/2021\/04\/ELAB-300x240.jpg 300w, https:\/\/www.portalalerta.com.br\/wp-content\/uploads\/2021\/04\/ELAB-768x614.jpg 768w, https:\/\/www.portalalerta.com.br\/wp-content\/uploads\/2021\/04\/ELAB-183x146.jpg 183w, https:\/\/www.portalalerta.com.br\/wp-content\/uploads\/2021\/04\/ELAB-50x40.jpg 50w, https:\/\/www.portalalerta.com.br\/wp-content\/uploads\/2021\/04\/ELAB-94x75.jpg 94w\" sizes=\"(max-width: 391px) 100vw, 391px\" \/><\/figure><\/div>\n\n\n<p>O F\u00f3rum de Governadores \u00e9 um espa\u00e7o de reuni\u00e3o entre os chefes de&nbsp;Executivo estaduais, para tratar assuntos de interesse comum aos entes federativos.<\/p>\n\n\n\n<p>Ao deixar o encontro, o governador do Rio Grande do Sul, Eduardo Leite, disse que o tema reforma tribut\u00e1ria consumiu boa parte dos debates entre todos os governadores. <strong><em>\u201cA maioria \u00e9 favor\u00e1vel. \u00c9 importante deixarmos isso claro\u201d<\/em><\/strong>, disse ao ressaltar ser ainda necess\u00e1rio compreender, com maior precis\u00e3o, os impactos econ\u00f4micos a serem sentidos nas unidades federativas.<\/p>\n\n\n\n<p>Para tanto, o governador ga\u00facho considera fundamental que a mat\u00e9ria n\u00e3o avance a toque de caixa pelo Parlamento. Segundo ele, os governadores <strong><em>\u201cn\u00e3o querem uma vota\u00e7\u00e3o r\u00e1pida de um texto pouco discutido\u201d<\/em><\/strong>, em especial com rela\u00e7\u00e3o a pontos de preocupa\u00e7\u00e3o apresentados pelos governadores, como o Imposto sobre Valor Agregado (IVA) e os fundos de participa\u00e7\u00e3o.<\/p>\n\n\n\n<p><strong>Boa vontade<\/strong><\/p>\n\n\n\n<p>Sobre os debates feitos durante o f\u00f3rum, Leite disse que <strong><em>\u201cat\u00e9 o momento h\u00e1 [entre os governadores] mais pontos de converg\u00eancia do que de diverg\u00eancia\u201d<\/em><\/strong>, e que h\u00e1 tamb\u00e9m <strong><em>\u201cboa vontade do grupo para entender que h\u00e1 de se fazer concess\u00f5es de parte a parte\u201d<\/em><\/strong>, mas que tudo depender\u00e1 da Uni\u00e3o que, segundo ele, tem um hist\u00f3rico de criar contribui\u00e7\u00f5es sem dividi-las com os estados.<\/p>\n\n\n\n<p><strong><em>\u201cEla [a Uni\u00e3o] tende a impor despesas aos estados, mas sem contrapartidas. Com isso, nosso olhar \u00e9 sempre de desconfian\u00e7a\u201d<\/em><\/strong>, complementou.<\/p>\n\n\n\n<p>O governador de&nbsp;Mato Grosso, Mauro Mendes, viu tamb\u00e9m, entre os governadores, <strong><em>\u201cuma ambi\u00eancia muito positiva\u201d<\/em><\/strong> em rela\u00e7\u00e3o \u00e0 reforma tribut\u00e1ria. <strong><em>\u201cV\u00e1rios atores est\u00e3o conspirando para que haja essa reforma\u201d<\/em><\/strong>, disse ao deixar o f\u00f3rum.<\/p>\n\n\n\n<p>Mendes, no entanto, avalia que a reforma tribut\u00e1ria s\u00f3 obter\u00e1 sucesso se vier acompanhada de uma reforma administrativa. <strong><em>\u201cSe n\u00e3o fizermos uma reforma administrativa para os estados custarem menos para os cidad\u00e3os, a esperan\u00e7a com a reforma tribut\u00e1ria ser\u00e1 ledo engano\u201d<\/em><\/strong>, disse.<\/p>\n\n\n\n<p><strong>Apoio conceitual<\/strong><\/p>\n\n\n\n<p>Segundo o governador do Piau\u00ed, Rafael Fonteles, <strong><em>\u201ctodos governadores apoiam conceitualmente a reforma tribut\u00e1ria&#8221;<\/em><\/strong>. <strong><em>Por\u00e9m, no entendimento dele, ser\u00e1 melhor avali\u00e1-la&nbsp;em seus detalhes\u201d<\/em><\/strong>, o que dever\u00e1 ser feito nas pr\u00f3ximas semanas.<\/p>\n\n\n\n<p>O governador de Goi\u00e1s, Ronaldo Caiado, tamb\u00e9m defendeu uma an\u00e1lise mais minuciosa do texto a ser apresentado. <strong><em>\u201cN\u00e3o podemos receber um prato feito como se fosse um produto final\u201d<\/em><\/strong>, disse. Na avalia\u00e7\u00e3o dele, \u00e9 errado <strong><em>\u201cdemonizar o ICMS [Imposto sobre Circula\u00e7\u00e3o de Mercadorias e Presta\u00e7\u00e3o de Servi\u00e7os], como se [o seu fim] fosse a solu\u00e7\u00e3o para o Brasil. N\u00e3o \u00e9\u201d<\/em><\/strong>, afirmou.<\/p>\n\n\n\n<p><em>Fonte: Ag\u00eancia Brasil<\/em><\/p>\n","protected":false},"excerpt":{"rendered":"<p>Chefes de Executivo estaduais se reuniram nesta quarta em Bras\u00edlia<\/p>\n","protected":false},"author":2,"featured_media":49191,"comment_status":"open","ping_status":"open","sticky":false,"template":"","format":"standard","meta":{"om_disable_all_campaigns":false,"_monsterinsights_skip_tracking":false,"_monsterinsights_sitenote_active":false,"_monsterinsights_sitenote_note":"","_monsterinsights_sitenote_category":0,"footnotes":""},"categories":[34,70,69,21],"tags":[100,71,48,93,75,4178,4180,129,107,887,4181,132,230,106,203,120,51,109,3922,88,47,111],"class_list":["post-49190","post","type-post","status-publish","format-standard","has-post-thumbnail","hentry","category-brasil","category-destaques","category-noticias2","category-politica","tag-adustina","tag-antas","tag-araci","tag-brasil","tag-cicero-dantas","tag-cipo-2","tag-crisopolis-2","tag-euclides-da-cunha","tag-fatima","tag-governadores","tag-heliopolis-2","tag-itapicuru","tag-jeremoabo","tag-nova-soure","tag-novo-triunfo","tag-olindina","tag-paripiranga","tag-quijingue","tag-reforma-tributaria","tag-ribeira-do-amparo","tag-ribeira-do-pombal","tag-sitio-do-quinto"],"aioseo_notices":[],"_links":{"self":[{"href":"https:\/\/www.portalalerta.com.br\/index.php\/wp-json\/wp\/v2\/posts\/49190","targetHints":{"allow":["GET"]}}],"collection":[{"href":"https:\/\/www.portalalerta.com.br\/index.php\/wp-json\/wp\/v2\/posts"}],"about":[{"href":"https:\/\/www.portalalerta.com.br\/index.php\/wp-json\/wp\/v2\/types\/post"}],"author":[{"embeddable":true,"href":"https:\/\/www.portalalerta.com.br\/index.php\/wp-json\/wp\/v2\/users\/2"}],"replies":[{"embeddable":true,"href":"https:\/\/www.portalalerta.com.br\/index.php\/wp-json\/wp\/v2\/comments?post=49190"}],"version-history":[{"count":1,"href":"https:\/\/www.portalalerta.com.br\/index.php\/wp-json\/wp\/v2\/posts\/49190\/revisions"}],"predecessor-version":[{"id":49192,"href":"https:\/\/www.portalalerta.com.br\/index.php\/wp-json\/wp\/v2\/posts\/49190\/revisions\/49192"}],"wp:featuredmedia":[{"embeddable":true,"href":"https:\/\/www.portalalerta.com.br\/index.php\/wp-json\/wp\/v2\/media\/49191"}],"wp:attachment":[{"href":"https:\/\/www.portalalerta.com.br\/index.php\/wp-json\/wp\/v2\/media?parent=49190"}],"wp:term":[{"taxonomy":"category","embeddable":true,"href":"https:\/\/www.portalalerta.com.br\/index.php\/wp-json\/wp\/v2\/categories?post=49190"},{"taxonomy":"post_tag","embeddable":true,"href":"https:\/\/www.portalalerta.com.br\/index.php\/wp-json\/wp\/v2\/tags?post=49190"}],"curies":[{"name":"wp","href":"https:\/\/api.w.org\/{rel}","templated":true}]}}