{"id":49193,"date":"2023-05-25T09:01:00","date_gmt":"2023-05-25T12:01:00","guid":{"rendered":"https:\/\/www.portalalerta.com.br\/?p=49193"},"modified":"2023-05-24T22:51:43","modified_gmt":"2023-05-25T01:51:43","slug":"apos-crime-barbaro-com-a-crianca-alice-juiz-de-araci-reafirma-eu-e-93-da-populacao-somos-a-favor-da-reducao-da-maioridade-penal","status":"publish","type":"post","link":"https:\/\/www.portalalerta.com.br\/index.php\/2023\/05\/25\/apos-crime-barbaro-com-a-crianca-alice-juiz-de-araci-reafirma-eu-e-93-da-populacao-somos-a-favor-da-reducao-da-maioridade-penal\/","title":{"rendered":"Ap\u00f3s crime b\u00e1rbaro com a crian\u00e7a Alice, Juiz de Araci reafirma: \u201cEu e 93% da popula\u00e7\u00e3o somos a favor da redu\u00e7\u00e3o da maioridade penal\u201d"},"content":{"rendered":"\n<p>Ap\u00f3s a condena\u00e7\u00e3o do menor que assassinou <strong><a href=\"https:\/\/www.portalalerta.com.br\/index.php\/2023\/04\/06\/tragedia-menina-de-6-anos-que-estava-desaparecida-em-araci-ba-e-encontrada-morta\/\">Alice Oliveira, de 6 anos de idade no dia 5 de abril do corrente ano em Araci-BA<\/a><\/strong> o Juiz Jos\u00e9 Brand\u00e3o Netto, do Juizado da Inf\u00e2ncia e da Juventude da comarca do munic\u00edpio, reafirmou a import\u00e2ncia de aprovar uma PEC (Proposta de Emenda \u00e0 Constitui\u00e7\u00e3o Federal) para redu\u00e7\u00e3o da maioridade penal no Brasil.<\/p>\n\n\n\n<!--more-->\n\n\n\n<p>O menor que foi <strong><a href=\"https:\/\/www.portalalerta.com.br\/index.php\/2023\/05\/20\/caso-alice-justica-condena-adolescente-que-assassinou-crianca-de-6-anos-em-araci-ba\/\">julgado na \u00faltima quarta-feira (17\/05) foi condenado a tr\u00eas anos de interna\u00e7\u00e3o em unidade socioeducativa, prazo m\u00e1ximo previsto no ECA (Estatuto da Crian\u00e7a e do Adolescente)<\/a><\/strong>.&nbsp;<strong><em>\u201cEu e 93% da popula\u00e7\u00e3o somos a favor da redu\u00e7\u00e3o da maioridade penal. N\u00e3o podemos fazer vistas grossas \u00e0s pesquisas de opini\u00e3o p\u00fablica que aprovam, como bem demonstrou reportagem recente do jornal&nbsp;\u201cA Folha de S\u00e3o Paulo\u201d<\/em><\/strong>. <strong><em>Portanto, a ideia \u00e9 que a redu\u00e7\u00e3o da maioridade penal e uma maior puni\u00e7\u00e3o para quem colocar o jovem no mundo crime provoquem um impacto social t\u00e3o grande, desestimulando-o do mundo infracional, bem como seus corruptores,\u201d<\/em><\/strong> disse o magistrado durante entrevista ao Voz do Campo por telefone nesta sexta-feira (19\/05).<\/p>\n\n\n\n<p><strong><em>\u201cAltera\u00e7\u00f5es pontuais no&nbsp;ECA (Estatuto da Crian\u00e7a e do Adolescente)&nbsp;n\u00e3o v\u00e3o minimizar a nossa sensa\u00e7\u00e3o de impot\u00eancia e impunidade quanto \u00e0s infra\u00e7\u00f5es praticadas por adolescente.&nbsp;Precisamos de mudan\u00e7as de impacto urgente. Ainda que se diga que o problema \u00e9 de aus\u00eancia de pol\u00edticas p\u00fablicas, nada se fez at\u00e9 hoje e n\u00e3o podemos deixar de punir com maior rigor aquele adolescente que mata, ou comete viol\u00eancia repugnante, contra v\u00edtimas inocentes. Esse rigor, que pretendemos, n\u00e3o \u00e9 incompat\u00edvel com as referidas pol\u00edticas p\u00fablicas,\u201d<\/em><\/strong> disse.<\/p>\n\n\n\n<p>Segundo o Juiz, o argumento de que, com a redu\u00e7\u00e3o, os maiores, que se aproveitariam de jovens menores de 18 anos em crimes, sobretudo o tr\u00e1fico de drogas, iriam reduzir a faixa et\u00e1ria do aliciamento, passando a recrutar crian\u00e7as mais jovens, \u00e9 falacioso, pois jovens com 15, 16 ou 17 anos t\u00eam mais estrutura f\u00edsica e mental para tal pr\u00e1tica.<\/p>\n\n\n\n<p><em>Fonte: A Voz do Campo<\/em><\/p>\n","protected":false},"excerpt":{"rendered":"<p>Ap\u00f3s a condena\u00e7\u00e3o do menor que assassinou Alice Oliveira, de 6 anos de idade no dia 5 de abril do corrente ano em Araci-BA o Juiz Jos\u00e9 Brand\u00e3o Netto, do Juizado da Inf\u00e2ncia e da Juventude da comarca do munic\u00edpio, reafirmou a import\u00e2ncia de aprovar uma PEC (Proposta de Emenda \u00e0 Constitui\u00e7\u00e3o Federal) para redu\u00e7\u00e3o &hellip;<\/p>\n","protected":false},"author":2,"featured_media":49194,"comment_status":"open","ping_status":"open","sticky":false,"template":"","format":"standard","meta":{"om_disable_all_campaigns":false,"_monsterinsights_skip_tracking":false,"_monsterinsights_sitenote_active":false,"_monsterinsights_sitenote_note":"","_monsterinsights_sitenote_category":0,"footnotes":""},"categories":[41,70,69,32,22],"tags":[100,71,48,75,4178,4180,129,107,4181,206,132,230,462,2083,3390,106,203,120,51,109,88,47,111,190],"class_list":["post-49193","post","type-post","status-publish","format-standard","has-post-thumbnail","hentry","category-araci","category-destaques","category-noticias2","category-regiao","category-seguranca","tag-adustina","tag-antas","tag-araci","tag-cicero-dantas","tag-cipo-2","tag-crisopolis-2","tag-euclides-da-cunha","tag-fatima","tag-heliopolis-2","tag-homicidio","tag-itapicuru","tag-jeremoabo","tag-juiz","tag-maioridade-penal","tag-menor-de-idade","tag-nova-soure","tag-novo-triunfo","tag-olindina","tag-paripiranga","tag-quijingue","tag-ribeira-do-amparo","tag-ribeira-do-pombal","tag-sitio-do-quinto","tag-tucano"],"aioseo_notices":[],"_links":{"self":[{"href":"https:\/\/www.portalalerta.com.br\/index.php\/wp-json\/wp\/v2\/posts\/49193","targetHints":{"allow":["GET"]}}],"collection":[{"href":"https:\/\/www.portalalerta.com.br\/index.php\/wp-json\/wp\/v2\/posts"}],"about":[{"href":"https:\/\/www.portalalerta.com.br\/index.php\/wp-json\/wp\/v2\/types\/post"}],"author":[{"embeddable":true,"href":"https:\/\/www.portalalerta.com.br\/index.php\/wp-json\/wp\/v2\/users\/2"}],"replies":[{"embeddable":true,"href":"https:\/\/www.portalalerta.com.br\/index.php\/wp-json\/wp\/v2\/comments?post=49193"}],"version-history":[{"count":1,"href":"https:\/\/www.portalalerta.com.br\/index.php\/wp-json\/wp\/v2\/posts\/49193\/revisions"}],"predecessor-version":[{"id":49195,"href":"https:\/\/www.portalalerta.com.br\/index.php\/wp-json\/wp\/v2\/posts\/49193\/revisions\/49195"}],"wp:featuredmedia":[{"embeddable":true,"href":"https:\/\/www.portalalerta.com.br\/index.php\/wp-json\/wp\/v2\/media\/49194"}],"wp:attachment":[{"href":"https:\/\/www.portalalerta.com.br\/index.php\/wp-json\/wp\/v2\/media?parent=49193"}],"wp:term":[{"taxonomy":"category","embeddable":true,"href":"https:\/\/www.portalalerta.com.br\/index.php\/wp-json\/wp\/v2\/categories?post=49193"},{"taxonomy":"post_tag","embeddable":true,"href":"https:\/\/www.portalalerta.com.br\/index.php\/wp-json\/wp\/v2\/tags?post=49193"}],"curies":[{"name":"wp","href":"https:\/\/api.w.org\/{rel}","templated":true}]}}