{"id":49196,"date":"2023-05-25T09:02:00","date_gmt":"2023-05-25T12:02:00","guid":{"rendered":"https:\/\/www.portalalerta.com.br\/?p=49196"},"modified":"2023-05-24T22:56:38","modified_gmt":"2023-05-25T01:56:38","slug":"comissao-mista-aprova-mp-de-reestruturacao-dos-ministerios-de-lula","status":"publish","type":"post","link":"https:\/\/www.portalalerta.com.br\/index.php\/2023\/05\/25\/comissao-mista-aprova-mp-de-reestruturacao-dos-ministerios-de-lula\/","title":{"rendered":"Comiss\u00e3o mista aprova MP de reestrutura\u00e7\u00e3o dos minist\u00e9rios de Lula"},"content":{"rendered":"\n<p>A medida provis\u00f3ria ainda precisa ser analisada pelo plen\u00e1rio da C\u00e2mara e pelo Senado antes de ser oficialmente aprovada<\/p>\n\n\n\n<!--more-->\n\n\n\n<p>Por 15 votos a 3, a comiss\u00e3o mista respons\u00e1vel&nbsp;aprovou nesta quarta-feira (24) a Medida Provis\u00f3ria&nbsp;1154\/23, que prev\u00ea a reestrutura\u00e7\u00e3o de \u00f3rg\u00e3os da Presid\u00eancia da Rep\u00fablica e da Esplanada dos Minist\u00e9rios.<\/p>\n\n\n<div class=\"wp-block-image\">\n<figure class=\"alignleft size-full\"><img fetchpriority=\"high\" decoding=\"async\" width=\"400\" height=\"300\" src=\"https:\/\/www.portalalerta.com.br\/wp-content\/uploads\/2023\/01\/Auto-Escola-Sonho.jpg\" alt=\"\" class=\"wp-image-47083\" srcset=\"https:\/\/www.portalalerta.com.br\/wp-content\/uploads\/2023\/01\/Auto-Escola-Sonho.jpg 400w, https:\/\/www.portalalerta.com.br\/wp-content\/uploads\/2023\/01\/Auto-Escola-Sonho-320x240.jpg 320w\" sizes=\"(max-width: 400px) 100vw, 400px\" \/><\/figure><\/div>\n\n\n<p>Apesar do texto ter sido apresentado pelo governo do presidente Luiz In\u00e1cio Lula da Silva (PT), a comiss\u00e3o presidida pelo senador&nbsp;Davi Alcolumbre (Uni\u00e3o)&nbsp;realizou algumas modifica\u00e7\u00f5es no documento. Com as altera\u00e7\u00f5es, diversas compet\u00eancias que antes eram do Minist\u00e9rio do Meio Ambiente foram redistribu\u00eddas em outras pastas.<\/p>\n\n\n\n<p>A proposta ainda precisa passar pelo plen\u00e1rio da&nbsp;C\u00e2mara dos Deputados e pelo Senado. A Medida Provis\u00f3ria&nbsp;precisa ser aprovada at\u00e9 o dia 1\u00ba de julho, sob pena de perder a validade.&nbsp;<\/p>\n\n\n\n<p><em>Fonte: Metro1<\/em><\/p>\n","protected":false},"excerpt":{"rendered":"<p>A medida provis\u00f3ria ainda precisa ser analisada pelo plen\u00e1rio da C\u00e2mara e pelo Senado antes de ser oficialmente aprovada<\/p>\n","protected":false},"author":2,"featured_media":49197,"comment_status":"open","ping_status":"open","sticky":false,"template":"","format":"standard","meta":{"om_disable_all_campaigns":false,"_monsterinsights_skip_tracking":false,"_monsterinsights_sitenote_active":false,"_monsterinsights_sitenote_note":"","_monsterinsights_sitenote_category":0,"footnotes":""},"categories":[34,70,69,21],"tags":[100,71,48,75,4178,6135,4180,129,107,249,4181,132,230,2319,106,203,120,51,109,88,47,111,190],"class_list":["post-49196","post","type-post","status-publish","format-standard","has-post-thumbnail","hentry","category-brasil","category-destaques","category-noticias2","category-politica","tag-adustina","tag-antas","tag-araci","tag-cicero-dantas","tag-cipo-2","tag-comissao-mista","tag-crisopolis-2","tag-euclides-da-cunha","tag-fatima","tag-governo-federal","tag-heliopolis-2","tag-itapicuru","tag-jeremoabo","tag-ministerios","tag-nova-soure","tag-novo-triunfo","tag-olindina","tag-paripiranga","tag-quijingue","tag-ribeira-do-amparo","tag-ribeira-do-pombal","tag-sitio-do-quinto","tag-tucano"],"aioseo_notices":[],"_links":{"self":[{"href":"https:\/\/www.portalalerta.com.br\/index.php\/wp-json\/wp\/v2\/posts\/49196","targetHints":{"allow":["GET"]}}],"collection":[{"href":"https:\/\/www.portalalerta.com.br\/index.php\/wp-json\/wp\/v2\/posts"}],"about":[{"href":"https:\/\/www.portalalerta.com.br\/index.php\/wp-json\/wp\/v2\/types\/post"}],"author":[{"embeddable":true,"href":"https:\/\/www.portalalerta.com.br\/index.php\/wp-json\/wp\/v2\/users\/2"}],"replies":[{"embeddable":true,"href":"https:\/\/www.portalalerta.com.br\/index.php\/wp-json\/wp\/v2\/comments?post=49196"}],"version-history":[{"count":1,"href":"https:\/\/www.portalalerta.com.br\/index.php\/wp-json\/wp\/v2\/posts\/49196\/revisions"}],"predecessor-version":[{"id":49198,"href":"https:\/\/www.portalalerta.com.br\/index.php\/wp-json\/wp\/v2\/posts\/49196\/revisions\/49198"}],"wp:featuredmedia":[{"embeddable":true,"href":"https:\/\/www.portalalerta.com.br\/index.php\/wp-json\/wp\/v2\/media\/49197"}],"wp:attachment":[{"href":"https:\/\/www.portalalerta.com.br\/index.php\/wp-json\/wp\/v2\/media?parent=49196"}],"wp:term":[{"taxonomy":"category","embeddable":true,"href":"https:\/\/www.portalalerta.com.br\/index.php\/wp-json\/wp\/v2\/categories?post=49196"},{"taxonomy":"post_tag","embeddable":true,"href":"https:\/\/www.portalalerta.com.br\/index.php\/wp-json\/wp\/v2\/tags?post=49196"}],"curies":[{"name":"wp","href":"https:\/\/api.w.org\/{rel}","templated":true}]}}