{"id":4920,"date":"2018-02-22T15:37:07","date_gmt":"2018-02-22T18:37:07","guid":{"rendered":"http:\/\/www.portalalerta.com.br\/?p=4920"},"modified":"2018-02-22T21:30:29","modified_gmt":"2018-02-23T00:30:29","slug":"cerca-de-900-pessoas-se-cadastraram-no-minha-casa-minha-vida-em-ribeira-do-pombal-prazo-terminou-na-ultima-quarta-feira-21","status":"publish","type":"post","link":"https:\/\/www.portalalerta.com.br\/index.php\/2018\/02\/22\/cerca-de-900-pessoas-se-cadastraram-no-minha-casa-minha-vida-em-ribeira-do-pombal-prazo-terminou-na-ultima-quarta-feira-21\/","title":{"rendered":"Cerca de 900 pessoas se cadastraram no \u201cMinha Casa Minha Vida\u201d em Ribeira do Pombal. Prazo terminou na \u00faltima quarta-feira, 21"},"content":{"rendered":"<p style=\"text-align: justify;\">Em conversa com a Secret\u00e1ria de Governo de Ribeira do Pombal, Narjara Andrade de Souza, o PORTAL ALERTA foi informado que aproximadamente 900 pessoas se cadastraram no Programa \u201cMinha Casa Minha Vida\u201d, com o objetivo de adquirir uma das 300 casas que ser\u00e3o constru\u00eddas no Bairro Jo\u00e3o Almeida, \u00e0s margens da BR 110, no referido munic\u00edpio.<!--more--><\/p>\n<p style=\"text-align: justify;\"><img decoding=\"async\" class=\"size-full wp-image-2814 alignleft\" src=\"http:\/\/www.portalalerta.com.br\/wp-content\/uploads\/2017\/11\/banner9.png\" alt=\"\" width=\"270\" height=\"174\" srcset=\"https:\/\/www.portalalerta.com.br\/wp-content\/uploads\/2017\/11\/banner9.png 270w, https:\/\/www.portalalerta.com.br\/wp-content\/uploads\/2017\/11\/banner9-227x146.png 227w, https:\/\/www.portalalerta.com.br\/wp-content\/uploads\/2017\/11\/banner9-50x32.png 50w, https:\/\/www.portalalerta.com.br\/wp-content\/uploads\/2017\/11\/banner9-116x75.png 116w\" sizes=\"(max-width: 270px) 100vw, 270px\" \/>As inscri\u00e7\u00f5es iniciaram no dia 15 de fevereiro, e encerraram na \u00faltima quarta-feira, 21. De acordo com Narjara, esta foi a primeira etapa, que contou com o cadastro, bem como apresenta\u00e7\u00e3o da documenta\u00e7\u00e3o obrigat\u00f3ria. Embora o prazo esteja encerrado para os cadastros, \u00e0queles que ficaram com pend\u00eancias nas entregas de alguma documenta\u00e7\u00e3o poder\u00e3o fazer at\u00e9 a pr\u00f3xima sexta-feira, 23.<\/p>\n<p style=\"text-align: justify;\">Depois desta etapa, ser\u00e1 a vez da valida\u00e7\u00e3o documental, tendo car\u00e1ter eliminat\u00f3rio, onde ser\u00e3o avaliados os documentos apresentados, e sendo constatada qualquer irregularidade, o candidato ser\u00e1 eliminado da concorr\u00eancia.<\/p>\n<p style=\"text-align: justify;\"><a href=\"http:\/\/www.facebook.com.br\/pombalalerta\"><strong>Curta nossa p\u00e1gina no facebook, e continue atualizado sobre tudo o que acontece em sua cidade!<\/strong><\/a><\/p>\n<p style=\"text-align: justify;\"><a href=\"https:\/\/play.google.com\/store\/apps\/details?id=com.globalstore.pombalalerta&amp;hl=pt_BR\"><strong>Baixe o nosso aplicativo, e fique de olho na not\u00edcia!<\/strong><\/a><\/p>\n<p style=\"text-align: justify;\"><em>Reda\u00e7\u00e3o: Portal Alerta<\/em><\/p>\n","protected":false},"excerpt":{"rendered":"<p>Em conversa com a Secret\u00e1ria de Governo de Ribeira do Pombal, Narjara Andrade de Souza, o PORTAL ALERTA foi informado que aproximadamente 900 pessoas se cadastraram no Programa \u201cMinha Casa Minha Vida\u201d, com o objetivo de adquirir uma das 300 casas que ser\u00e3o constru\u00eddas no Bairro Jo\u00e3o Almeida, \u00e0s margens da BR 110, no referido &hellip;<\/p>\n","protected":false},"author":2,"featured_media":4699,"comment_status":"closed","ping_status":"open","sticky":false,"template":"","format":"standard","meta":{"om_disable_all_campaigns":false,"_monsterinsights_skip_tracking":false,"_monsterinsights_sitenote_active":false,"_monsterinsights_sitenote_note":"","_monsterinsights_sitenote_category":0,"footnotes":""},"categories":[70,69,21,32,3],"tags":[396,47],"class_list":["post-4920","post","type-post","status-publish","format-standard","has-post-thumbnail","hentry","category-destaques","category-noticias2","category-politica","category-regiao","category-ribeira-do-pombal","tag-minha-casa-minha-vida","tag-ribeira-do-pombal"],"aioseo_notices":[],"_links":{"self":[{"href":"https:\/\/www.portalalerta.com.br\/index.php\/wp-json\/wp\/v2\/posts\/4920","targetHints":{"allow":["GET"]}}],"collection":[{"href":"https:\/\/www.portalalerta.com.br\/index.php\/wp-json\/wp\/v2\/posts"}],"about":[{"href":"https:\/\/www.portalalerta.com.br\/index.php\/wp-json\/wp\/v2\/types\/post"}],"author":[{"embeddable":true,"href":"https:\/\/www.portalalerta.com.br\/index.php\/wp-json\/wp\/v2\/users\/2"}],"replies":[{"embeddable":true,"href":"https:\/\/www.portalalerta.com.br\/index.php\/wp-json\/wp\/v2\/comments?post=4920"}],"version-history":[{"count":0,"href":"https:\/\/www.portalalerta.com.br\/index.php\/wp-json\/wp\/v2\/posts\/4920\/revisions"}],"wp:featuredmedia":[{"embeddable":true,"href":"https:\/\/www.portalalerta.com.br\/index.php\/wp-json\/wp\/v2\/media\/4699"}],"wp:attachment":[{"href":"https:\/\/www.portalalerta.com.br\/index.php\/wp-json\/wp\/v2\/media?parent=4920"}],"wp:term":[{"taxonomy":"category","embeddable":true,"href":"https:\/\/www.portalalerta.com.br\/index.php\/wp-json\/wp\/v2\/categories?post=4920"},{"taxonomy":"post_tag","embeddable":true,"href":"https:\/\/www.portalalerta.com.br\/index.php\/wp-json\/wp\/v2\/tags?post=4920"}],"curies":[{"name":"wp","href":"https:\/\/api.w.org\/{rel}","templated":true}]}}