{"id":49256,"date":"2023-05-29T09:02:00","date_gmt":"2023-05-29T12:02:00","guid":{"rendered":"https:\/\/www.portalalerta.com.br\/?p=49256"},"modified":"2023-05-28T21:36:35","modified_gmt":"2023-05-29T00:36:35","slug":"na-busca-do-governo-por-ampliar-a-base-na-camara-pt-e-partidos-do-centrao-sao-os-que-mais-recebem-emendas","status":"publish","type":"post","link":"https:\/\/www.portalalerta.com.br\/index.php\/2023\/05\/29\/na-busca-do-governo-por-ampliar-a-base-na-camara-pt-e-partidos-do-centrao-sao-os-que-mais-recebem-emendas\/","title":{"rendered":"Na busca do governo por ampliar a base na C\u00e2mara, PT e partidos do Centr\u00e3o s\u00e3o os que mais recebem emendas"},"content":{"rendered":"\n<p><strong>Uma das principais reclama\u00e7\u00f5es de deputados tem sido a lentid\u00e3o do Pal\u00e1cio do Planalto em liberar as emendas parlamentares. Governo teve derrotas nos \u00faltimos dias em vota\u00e7\u00f5es no Congresso.<\/strong><\/p>\n\n\n\n<!--more-->\n\n\n\n<p>Na busca do governo por ampliar a base na C\u00e2mara, o PT, partido do presidente Luiz In\u00e1cio&nbsp;Lula&nbsp;da Silva, e partidos do Centr\u00e3o foram os que mais receberam emendas parlamentares at\u00e9 aqui neste ano.<\/p>\n\n\n\n<p>As emendas s\u00e3o verbas previstas no Or\u00e7amento da Uni\u00e3o que o governo tem que liberar para os parlamentares. S\u00e3o usadas por deputados e senadores para obras e projetos em suas cidades e estados.<\/p>\n\n\n<div class=\"wp-block-image\">\n<figure class=\"aligncenter size-full\"><img decoding=\"async\" src=\"https:\/\/www.portalalerta.com.br\/wp-content\/uploads\/2023\/05\/Real-Calcados-Sao-Joao-2023.jpg\" alt=\"\" class=\"wp-image-49244\"\/><\/figure><\/div>\n\n\n<p>O ritmo da libera\u00e7\u00e3o depende do Executivo. Nas \u00faltimas semanas, deputados vinham reclamando de que o governo Lula n\u00e3o liberou as emendas que havia prometida.<\/p>\n\n\n\n<p>Esse foi um dos motivos pelos quais o governo sofreu algumas derrotas na C\u00e2mara nas \u00faltimas semanas. Os deputados barraram, por exemplo, um decreto de Lula que modificava o marco do saneamento.<\/p>\n\n\n\n<p>Nesta \u00faltima semana, a C\u00e2mara aprovou a nova regra fiscal, como o governo queria. Mas, em um novo rev\u00e9s, uma comiss\u00e3o mista do Congresso&nbsp;alterou uma medida provis\u00f3ria&nbsp;assinada por Lula para reformular a estrutura de minist\u00e9rios.<\/p>\n\n\n\n<p>S\u00f3 na \u00faltima semana,&nbsp;o governo liberou R$ 1,3 bilh\u00e3o em emendas.<\/p>\n\n\n\n<p><strong>Por partido<\/strong><\/p>\n\n\n\n<p>Depois do PT, os partidos mais beneficiados por emendas na C\u00e2mara at\u00e9 aqui comp\u00f5em o chamado Centr\u00e3o, um grupo informal na Casa que re\u00fane parlamentares de direita e centro-direita que costumam se aliar a governos em troca de espa\u00e7os de poder.<\/p>\n\n\n\n<p>Veja os partidos que mais receberam emendas, de acordo com o Painel do Or\u00e7amento Federal:<\/p>\n\n\n\n<ul class=\"wp-block-list\">\n<li><strong>PT<\/strong>: R$ 346,1 milh\u00f5es<\/li>\n\n\n\n<li><strong>PSD<\/strong>: R$ 234,8 milh\u00f5es<\/li>\n\n\n\n<li><strong>Uni\u00e3o<\/strong>: R$ 212 milh\u00f5es<\/li>\n\n\n\n<li><strong>PP<\/strong>&nbsp;: R$ 199,2 milh\u00f5es<\/li>\n\n\n\n<li><strong>MDB<\/strong>: R$ 176,5 milh\u00f5es<\/li>\n<\/ul>\n\n\n\n<p><strong>Senado<\/strong><\/p>\n\n\n\n<p>No Senado, a maior libera\u00e7\u00e3o de veras foi para senadores do PSD, partido da base do governo e do presidente da Casa,&nbsp;Rodrigo Pacheco&nbsp;(MG).<\/p>\n\n\n\n<p>Veja a lista:<\/p>\n\n\n\n<ul class=\"wp-block-list\">\n<li><strong>PSD<\/strong>: R$ 241,1 milh\u00f5es<\/li>\n\n\n\n<li><strong>MDB<\/strong>: R$ 148,9 milh\u00f5es<\/li>\n\n\n\n<li><strong>PT<\/strong>: R$ 76,5 milh\u00f5es<\/li>\n\n\n\n<li><strong>PSB<\/strong>: R$ 65,3 milh\u00f5es<\/li>\n\n\n\n<li><strong>PL<\/strong>: R$ 57,9 milh\u00f5es<\/li>\n<\/ul>\n\n\n\n<p><em>Fonte: G1<\/em><\/p>\n","protected":false},"excerpt":{"rendered":"<p>Uma das principais reclama\u00e7\u00f5es de deputados tem sido a lentid\u00e3o do Pal\u00e1cio do Planalto em liberar as emendas parlamentares. Governo teve derrotas nos \u00faltimos dias em vota\u00e7\u00f5es no Congresso.<\/p>\n","protected":false},"author":2,"featured_media":32169,"comment_status":"open","ping_status":"open","sticky":false,"template":"","format":"standard","meta":{"om_disable_all_campaigns":false,"_monsterinsights_skip_tracking":false,"_monsterinsights_sitenote_active":false,"_monsterinsights_sitenote_note":"","_monsterinsights_sitenote_category":0,"footnotes":""},"categories":[34,70,69,21],"tags":[100,71,48,93,2037,75,4178,4180,5081,129,107,249,4181,132,230,106,203,120,51,304,109,88,47,111,190],"class_list":["post-49256","post","type-post","status-publish","format-standard","has-post-thumbnail","hentry","category-brasil","category-destaques","category-noticias2","category-politica","tag-adustina","tag-antas","tag-araci","tag-brasil","tag-centrao","tag-cicero-dantas","tag-cipo-2","tag-crisopolis-2","tag-emendas","tag-euclides-da-cunha","tag-fatima","tag-governo-federal","tag-heliopolis-2","tag-itapicuru","tag-jeremoabo","tag-nova-soure","tag-novo-triunfo","tag-olindina","tag-paripiranga","tag-pt","tag-quijingue","tag-ribeira-do-amparo","tag-ribeira-do-pombal","tag-sitio-do-quinto","tag-tucano"],"aioseo_notices":[],"_links":{"self":[{"href":"https:\/\/www.portalalerta.com.br\/index.php\/wp-json\/wp\/v2\/posts\/49256","targetHints":{"allow":["GET"]}}],"collection":[{"href":"https:\/\/www.portalalerta.com.br\/index.php\/wp-json\/wp\/v2\/posts"}],"about":[{"href":"https:\/\/www.portalalerta.com.br\/index.php\/wp-json\/wp\/v2\/types\/post"}],"author":[{"embeddable":true,"href":"https:\/\/www.portalalerta.com.br\/index.php\/wp-json\/wp\/v2\/users\/2"}],"replies":[{"embeddable":true,"href":"https:\/\/www.portalalerta.com.br\/index.php\/wp-json\/wp\/v2\/comments?post=49256"}],"version-history":[{"count":2,"href":"https:\/\/www.portalalerta.com.br\/index.php\/wp-json\/wp\/v2\/posts\/49256\/revisions"}],"predecessor-version":[{"id":49258,"href":"https:\/\/www.portalalerta.com.br\/index.php\/wp-json\/wp\/v2\/posts\/49256\/revisions\/49258"}],"wp:featuredmedia":[{"embeddable":true,"href":"https:\/\/www.portalalerta.com.br\/index.php\/wp-json\/wp\/v2\/media\/32169"}],"wp:attachment":[{"href":"https:\/\/www.portalalerta.com.br\/index.php\/wp-json\/wp\/v2\/media?parent=49256"}],"wp:term":[{"taxonomy":"category","embeddable":true,"href":"https:\/\/www.portalalerta.com.br\/index.php\/wp-json\/wp\/v2\/categories?post=49256"},{"taxonomy":"post_tag","embeddable":true,"href":"https:\/\/www.portalalerta.com.br\/index.php\/wp-json\/wp\/v2\/tags?post=49256"}],"curies":[{"name":"wp","href":"https:\/\/api.w.org\/{rel}","templated":true}]}}