{"id":49259,"date":"2023-05-29T09:03:00","date_gmt":"2023-05-29T12:03:00","guid":{"rendered":"https:\/\/www.portalalerta.com.br\/?p=49259"},"modified":"2023-05-29T22:12:30","modified_gmt":"2023-05-30T01:12:30","slug":"alegando-expulsao-pt-pombalense-oficializa-rompimento-com-o-governo-municipal-durante-reuniao-de-diretorio","status":"publish","type":"post","link":"https:\/\/www.portalalerta.com.br\/index.php\/2023\/05\/29\/alegando-expulsao-pt-pombalense-oficializa-rompimento-com-o-governo-municipal-durante-reuniao-de-diretorio\/","title":{"rendered":"Alegando expuls\u00e3o, PT Pombalense oficializa rompimento com o governo municipal, durante reuni\u00e3o de Diret\u00f3rio &nbsp;"},"content":{"rendered":"\n<p>Na manh\u00e3 do \u00faltimo domingo (28), o Partido dos Trabalhadores (PT), realizou uma Reuni\u00e3o de Diret\u00f3rio Municipal em Ribeira do Pombal-BA.<\/p>\n\n\n\n<!--more-->\n\n\n\n<p>O principal objetivo da reuni\u00e3o que aconteceu um dia ap\u00f3s a Plen\u00e1ria Regional, seria definir a perman\u00eancia ou n\u00e3o do Partido no Governo Municipal, que tem como prefeito Eriksson Silva.<\/p>\n\n\n\n<p>Em conversa com o PORTAL ALERTA, o presidente do Partido no Munic\u00edpio, o ex-vice prefeito e ex-vereador, Dr. Jairo, afirmou que dos 16 presentes, apenas um votou favor\u00e1vel ao que chamou de <strong>\u201cretorno ao Governo\u201d<\/strong>, do mesmo modo que apenas um se absteve. Dois filiados se ausentaram da reuni\u00e3o, e os demais se posicionaram contr\u00e1rios.<\/p>\n\n\n\n<figure class=\"wp-block-image size-full\"><img decoding=\"async\" src=\"https:\/\/www.portalalerta.com.br\/wp-content\/uploads\/2023\/05\/Real-Calcados-Sao-Joao-2023.jpg\" alt=\"\" class=\"wp-image-49244\"\/><\/figure>\n\n\n\n<p>Segundo Dr. Jairo, o partido j\u00e1 n\u00e3o compunha a base governista h\u00e1 aproximadamente 60 dias, j\u00e1 que, segundo ele, <strong>\u201cfoi expulso\u201d<\/strong> pela atual gest\u00e3o, ap\u00f3s ter a Secretaria de Agricultura tirada do partido. Por outro lado, o \u00fanico que votou contr\u00e1rio \u00e0 sa\u00edda, foi o vereador Nego Ri da Sa\u00fade, que teria afirmado categoricamente que n\u00e3o faria oposi\u00e7\u00e3o ao prefeito Eriksson.<\/p>\n\n\n\n<p>Ainda de acordo com o presidente do Diret\u00f3rio Municipal, nesta segunda-feira (29), o Partido oficializar\u00e1 a sa\u00edda do governo, fazendo a entrega dos dois cargos de confian\u00e7a que tinham sido dados ao PT.<\/p>\n\n\n\n<p>Em seu discurso na Plen\u00e1ria realizada no \u00faltimo s\u00e1bado, Dr. Jairo j\u00e1 havia antecipado a decis\u00e3o do partido, onde afirmou: <strong><em>\u201cchegamos a um ponto agora, de que o PT, ou lan\u00e7a candidatura, ou faz alian\u00e7a com a oposi\u00e7\u00e3o. A oposi\u00e7\u00e3o est\u00e1 meia (sic) desestruturada. N\u00f3s vamos trabalhar para ajudar a construir a oposi\u00e7\u00e3o. A decis\u00e3o de rompimento com o prefeito municipal \u00e9 certa e amanh\u00e3 n\u00f3s faremos aqui nesse plen\u00e1rio. Vamos organizar essa oposi\u00e7\u00e3o para fortalecer mais ainda o governo do estado porque t\u00e1 errado, um lado que \u00e9 verdadeiro militante do partido e que vai levantar cada vez mais a for\u00e7a do Partido dos Trabalhadores organizada nesta reuni\u00e3o&#8230;\u201d<\/em><\/strong> Confira:<\/p>\n\n\n\n<figure class=\"wp-block-video\"><video controls src=\"https:\/\/www.portalalerta.com.br\/wp-content\/uploads\/2023\/05\/Discurso-de-Dr.-Jairo-em-plenaria-regional-do-PT-2023.mp4\"><\/video><\/figure>\n\n\n\n<p><strong>Pol\u00eamica<\/strong><\/p>\n\n\n\n<p>A Pol\u00eamica envolvendo o Partido dos Trabalhadores e a gest\u00e3o municipal de Ribeira do Pombal, teve maior evid\u00eancia, ap\u00f3s Dr. Jairo ter divulgado em redes sociais, duas fotografias, em que aparecia tomando um caf\u00e9 com lideran\u00e7as pol\u00edticas que representam a oposi\u00e7\u00e3o, sendo o ex-vereador F\u00e1bio de Nadja e o ex-prefeito Z\u00e9 Grilo.<\/p>\n\n\n\n<p>As imagens foram divulgadas no dia 19 de mar\u00e7o do corrente ano, e no dia seguinte, <strong><a href=\"https:\/\/www.portalalerta.com.br\/index.php\/2023\/03\/21\/cafe-amargo-secretario-municipal-de-agricultura-e-exonerado-do-cargo-em-ribeira-do-pombal-ba\/\">custou o cargo do Secret\u00e1rio Municipal da Agricultura, Pecu\u00e1ria e Abastecimento, Jairo Monteiro do Nascimento Filho,<\/a><\/strong> que \u00e9 filho de Dr. jairo. Pouco menos de um m\u00eas ap\u00f3s a sa\u00edda de \u201cJairinho\u201d como \u00e9 conhecido, a pasta passou a ser ocupada pelo ent\u00e3o vereador <strong><a href=\"https:\/\/www.portalalerta.com.br\/index.php\/2023\/04\/10\/agricultura-tem-novo-secretario-em-ribeira-do-pombal-ba\/\">Jo\u00e3o Miranda de Jesus<\/a><\/strong>, enquanto o PT ficou sem cargo de primeiro escal\u00e3o.<\/p>\n\n\n\n<p>Nesta segunda-feira, Dr. Jairo concedeu uma entrevista com exclusividade ao Programa <strong>EXPRESSO 104<\/strong>, veiculado na Canabrava FM, \u00e0s 12h. Acompanhe a entrevista na \u00edntegra: . \u00a0<\/p>\n\n\n\n<iframe src=\"https:\/\/www.facebook.com\/plugins\/video.php?height=314&#038;href=https%3A%2F%2Fwww.facebook.com%2Fpombalalerta%2Fvideos%2F268760089062943%2F&#038;show_text=false&#038;width=560&#038;t=0\" width=\"560\" height=\"314\" style=\"border:none;overflow:hidden\" scrolling=\"no\" frameborder=\"0\" allowfullscreen=\"true\" allow=\"autoplay; clipboard-write; encrypted-media; picture-in-picture; web-share\" allowFullScreen=\"true\"><\/iframe>\n\n\n\n<p><em>Reda\u00e7\u00e3o: Portal Alerta<\/em><\/p>\n","protected":false},"excerpt":{"rendered":"<p>Na manh\u00e3 do \u00faltimo domingo (28), o Partido dos Trabalhadores (PT), realizou uma Reuni\u00e3o de Diret\u00f3rio Municipal em Ribeira do Pombal-BA.<\/p>\n","protected":false},"author":2,"featured_media":49261,"comment_status":"open","ping_status":"open","sticky":false,"template":"","format":"standard","meta":{"om_disable_all_campaigns":false,"_monsterinsights_skip_tracking":false,"_monsterinsights_sitenote_active":false,"_monsterinsights_sitenote_note":"","_monsterinsights_sitenote_category":0,"footnotes":""},"categories":[70,69,21,32,3],"tags":[100,71,48,75,4178,4180,129,107,260,4181,132,230,106,203,120,51,199,304,109,88,47,5294,111],"class_list":["post-49259","post","type-post","status-publish","format-standard","has-post-thumbnail","hentry","category-destaques","category-noticias2","category-politica","category-regiao","category-ribeira-do-pombal","tag-adustina","tag-antas","tag-araci","tag-cicero-dantas","tag-cipo-2","tag-crisopolis-2","tag-euclides-da-cunha","tag-fatima","tag-governo-municipal","tag-heliopolis-2","tag-itapicuru","tag-jeremoabo","tag-nova-soure","tag-novo-triunfo","tag-olindina","tag-paripiranga","tag-politica","tag-pt","tag-quijingue","tag-ribeira-do-amparo","tag-ribeira-do-pombal","tag-rompimento","tag-sitio-do-quinto"],"aioseo_notices":[],"_links":{"self":[{"href":"https:\/\/www.portalalerta.com.br\/index.php\/wp-json\/wp\/v2\/posts\/49259","targetHints":{"allow":["GET"]}}],"collection":[{"href":"https:\/\/www.portalalerta.com.br\/index.php\/wp-json\/wp\/v2\/posts"}],"about":[{"href":"https:\/\/www.portalalerta.com.br\/index.php\/wp-json\/wp\/v2\/types\/post"}],"author":[{"embeddable":true,"href":"https:\/\/www.portalalerta.com.br\/index.php\/wp-json\/wp\/v2\/users\/2"}],"replies":[{"embeddable":true,"href":"https:\/\/www.portalalerta.com.br\/index.php\/wp-json\/wp\/v2\/comments?post=49259"}],"version-history":[{"count":2,"href":"https:\/\/www.portalalerta.com.br\/index.php\/wp-json\/wp\/v2\/posts\/49259\/revisions"}],"predecessor-version":[{"id":49265,"href":"https:\/\/www.portalalerta.com.br\/index.php\/wp-json\/wp\/v2\/posts\/49259\/revisions\/49265"}],"wp:featuredmedia":[{"embeddable":true,"href":"https:\/\/www.portalalerta.com.br\/index.php\/wp-json\/wp\/v2\/media\/49261"}],"wp:attachment":[{"href":"https:\/\/www.portalalerta.com.br\/index.php\/wp-json\/wp\/v2\/media?parent=49259"}],"wp:term":[{"taxonomy":"category","embeddable":true,"href":"https:\/\/www.portalalerta.com.br\/index.php\/wp-json\/wp\/v2\/categories?post=49259"},{"taxonomy":"post_tag","embeddable":true,"href":"https:\/\/www.portalalerta.com.br\/index.php\/wp-json\/wp\/v2\/tags?post=49259"}],"curies":[{"name":"wp","href":"https:\/\/api.w.org\/{rel}","templated":true}]}}